{"id":1000019842,"date":"2025-07-03T11:03:07","date_gmt":"2025-07-03T14:03:07","guid":{"rendered":"https:\/\/gazzettinoitalianopatagonico.com\/?p=1000019842"},"modified":"2025-07-03T11:03:09","modified_gmt":"2025-07-03T14:03:09","slug":"cultura-spinelli-fdi-strumentale-polemica-politica-su-tagli-al-festival-di-santarcangelo","status":"publish","type":"post","link":"https:\/\/gazzettinoitalianopatagonico.com\/?p=1000019842","title":{"rendered":"Cultura. Spinelli (FdI): strumentale polemica politica su tagli al festival di Santarcangelo"},"content":{"rendered":"\n<p>\u00abRiguardo le polemiche del sindaco di Santarcangelo Filippo Sacchetti sulla diminuzione dei finanziamenti destinati alla manifestazione, credo sia il caso di affrontare delle questioni &#8216;chiave&#8217; sul tema. Il tentativo di affibbiare al governo e al ministero della Cultura la responsabilit\u00e0 di tali tagli \u00e8 del tutto strumentale, perch\u00e9 ci\u00f2 che non viene chiarito \u00e8 che esiste una Commissione che definisce i criteri di valutazione per le risorse da stanziare. Tale Commissione \u00e8 cambiata rispetto alla precedente e sono cambiati anche i programmi degli organismi proponenti. Non solo, per verit\u00e0 di cronaca \u00e8 necessario anche ricordare che nelle precedenti valutazioni triennali del 2015 e del 2018, furono numerose le bocciature e i declassamenti relative alla manifestazione provenienti dalla stessa Commissione, ma stranamente in quei casi non ci furono n\u00e9 proteste n\u00e9 strumentalizzazioni.&nbsp;<\/p>\n\n\n\n<p>Nemmeno da quel Pd o dal governatore De Pascale, che invece oggi la buttano in politica confermando una loro consuetudine: &nbsp;politicizzare e utilizzare come affare proprio l&#8217;arte e gli artisti.&nbsp;<\/p>\n\n\n\n<p>Alla luce di tutto ci\u00f2, quindi, sarebbe il caso che il Sindaco di Santarcangelo e gli organizzatori del Festival facessero un&#8217;analisi matura dei motivi per cui lo stesso abbia ottenuto certe valutazioni, evitando strumentalizzazioni infondate\u00bb.&nbsp;<\/p>\n","protected":false},"excerpt":{"rendered":"<p>\u00abRiguardo le polemiche del sindaco di Santarcangelo Filippo Sacchetti sulla diminuzione dei finanziamenti destinati alla manifestazione, credo sia il caso di affrontare delle questioni &#8216;chiave&#8217; sul tema. Il tentativo di affibbiare al governo e al ministero della Cultura la responsabilit\u00e0 di tali tagli \u00e8 del tutto strumentale, perch\u00e9 ci\u00f2 che non viene chiarito \u00e8 che [&hellip;]<\/p>\n","protected":false},"author":1,"featured_media":1000014237,"comment_status":"closed","ping_status":"open","sticky":false,"template":"","format":"standard","meta":{"content-type":"","_jetpack_memberships_contains_paid_content":false,"jnews-multi-image_gallery":[],"jnews_single_post":{"format":"standard"},"jnews_primary_category":[],"footnotes":"","jetpack_publicize_message":"","jetpack_publicize_feature_enabled":true,"jetpack_social_post_already_shared":true,"jetpack_social_options":{"image_generator_settings":{"template":"highway","default_image_id":0,"font":"","enabled":false},"version":2}},"categories":[46,32],"tags":[],"class_list":{"0":"post-1000019842","1":"post","2":"type-post","3":"status-publish","4":"format-standard","5":"has-post-thumbnail","7":"category-italia","8":"category-politica"},"jetpack_publicize_connections":[],"jetpack_featured_media_url":"https:\/\/i0.wp.com\/gazzettinoitalianopatagonico.com\/wp-content\/uploads\/2025\/03\/Foto-Domenica-Spinelli.jpg?fit=1012%2C823&ssl=1","jetpack_likes_enabled":true,"jetpack_sharing_enabled":true,"_links":{"self":[{"href":"https:\/\/gazzettinoitalianopatagonico.com\/index.php?rest_route=\/wp\/v2\/posts\/1000019842","targetHints":{"allow":["GET"]}}],"collection":[{"href":"https:\/\/gazzettinoitalianopatagonico.com\/index.php?rest_route=\/wp\/v2\/posts"}],"about":[{"href":"https:\/\/gazzettinoitalianopatagonico.com\/index.php?rest_route=\/wp\/v2\/types\/post"}],"author":[{"embeddable":true,"href":"https:\/\/gazzettinoitalianopatagonico.com\/index.php?rest_route=\/wp\/v2\/users\/1"}],"replies":[{"embeddable":true,"href":"https:\/\/gazzettinoitalianopatagonico.com\/index.php?rest_route=%2Fwp%2Fv2%2Fcomments&post=1000019842"}],"version-history":[{"count":1,"href":"https:\/\/gazzettinoitalianopatagonico.com\/index.php?rest_route=\/wp\/v2\/posts\/1000019842\/revisions"}],"predecessor-version":[{"id":1000019843,"href":"https:\/\/gazzettinoitalianopatagonico.com\/index.php?rest_route=\/wp\/v2\/posts\/1000019842\/revisions\/1000019843"}],"wp:featuredmedia":[{"embeddable":true,"href":"https:\/\/gazzettinoitalianopatagonico.com\/index.php?rest_route=\/wp\/v2\/media\/1000014237"}],"wp:attachment":[{"href":"https:\/\/gazzettinoitalianopatagonico.com\/index.php?rest_route=%2Fwp%2Fv2%2Fmedia&parent=1000019842"}],"wp:term":[{"taxonomy":"category","embeddable":true,"href":"https:\/\/gazzettinoitalianopatagonico.com\/index.php?rest_route=%2Fwp%2Fv2%2Fcategories&post=1000019842"},{"taxonomy":"post_tag","embeddable":true,"href":"https:\/\/gazzettinoitalianopatagonico.com\/index.php?rest_route=%2Fwp%2Fv2%2Ftags&post=1000019842"}],"curies":[{"name":"wp","href":"https:\/\/api.w.org\/{rel}","templated":true}]}}