{"id":1000019837,"date":"2025-07-02T21:41:13","date_gmt":"2025-07-03T00:41:13","guid":{"rendered":"https:\/\/gazzettinoitalianopatagonico.com\/?p=1000019837"},"modified":"2025-07-02T21:41:14","modified_gmt":"2025-07-03T00:41:14","slug":"la-storia-di-bambi-la-cerbiattina-salvata-a-rimini","status":"publish","type":"post","link":"https:\/\/gazzettinoitalianopatagonico.com\/?p=1000019837","title":{"rendered":"La storia di &#8216;Bambi&#8217;, la cerbiattina salvata a Rimini"},"content":{"rendered":"\n<p>L&#8217;hanno trovata smarrita e accucciata vicino alla mamma morta. Sembra la storia di Bambi, invece \u00e8 la storia di una piccola cerbiatta \u2013 vera e non a cartoni animati- che \u00e8 stata salvata nei boschi vicino a Rimini dagli operatori del Cras, il Centro di recupero per animali selvatici di via Baracchi. Una prima segnalazione era arrivata da alcuni cittadini di Santa Sofia, che avevano notato aggirarsi una volpe che non sembrava spaventata dalla presenza umana. Poi, durante l&#8217;intervento, gli operatori del Cras- da anni in prima linea per la tutela della fauna selvatica- hanno notato strani movimenti nel bosco e si sono trovati davanti alla scena della piccola cucciola di cervo accucciata vicino alla mamma. Sono intervenuti con prontezza e hanno portato la cerbiattina nella struttura, dove ora \u00e8 al sicuro, in un ambiente protetto e adatto al suo recupero, dove viene accudita quotidianamente da una squadra di veterinari e volontari esperti. E l&#8217;hanno chiamata Bambi. Ha due mesi di vita e ora ha bisogno di cure costanti e di un&#8217;alimentazione controllata. Non \u00e8 stato possibile accertare come mai la mamma sia morta, se di malattia o perch\u00e8 attaccata da un predatore.<\/p>\n\n\n\n<p>La storia di Bambi, sottolineano dal Cras, \u00e8 solo una delle migliaia di storie che ogni anno si intrecciano tra i corridoi e l&#8217;oasi del Cras di Rimini. Una realt\u00e0 preziosa per il territorio, attiva all&#8217;interno di una struttura comunale concessa in uso, che nel solo 2025 ha gi\u00e0 registrato 2.642 ingressi: uccelli feriti, cuccioli orfani, mammiferi in difficolt\u00e0, tra istrici, lepri, ricci, caprioli, donnole. Numeri importanti, se si considera che solo lo scorso sabato sono stati presi in carico ben 94 animali.<\/p>\n\n\n\n<p>\u00abLa storia di Bambi ci ricorda quanto sia fondamentale la collaborazione tra cittadini, associazioni e istituzioni nella tutela della fauna selvatica \u2013 \u00e8 il commento dell&#8217;assessora al benessere degli animali del Comune di Rimini, Francesca Mattei -. Ogni segnalazione pu\u00f2 fare la differenza tra la vita e la morte per un cucciolo. Il Cras, in questo senso, \u00e8 un&#8217;eccellenza unica, grazie a una rete di professionisti, veterinari e volontari che dedicano tempo, competenze ed energie a ogni singolo animale in difficolt\u00e0, spesso vittima di incidenti stradali, aggressioni o interventi umani mal gestiti. \u00c8 una vera comunit\u00e0 al servizio della natura selvatica, a cui va un grande grazie. La storia della giovane cerbiatta \u00e8 oggi una storia di speranza, di cura e di nuova vita\u00bb.<\/p>\n\n\n\n<p>Attualmente le attivit\u00e0 all&#8217;interno del Cras sono suddivise tra due associazioni: Anpana, che si occupa di progetti di educazione ambientale, sensibilizzazione e organizzazione di eventi, e Atena, impegnata nella cura degli animali. Dal Cras arriva anche un importante richiamo: \u00e8 fondamentale contattare sempre il centro prima di intervenire su un animale selvatico, per ricevere le corrette indicazioni. Infine, un appello alla solidariet\u00e0: servono sempre nuove volontarie e nuovi volontari. Nel bando del servizio civile regionale rivolto ai giovani, tra le posizioni aperte, figura tra l&#8217;altro anche il Cras. Un modo concreto per mettersi al servizio della fauna e della natura.<\/p>\n\n\n\n<p>Marcella Piretti<\/p>\n","protected":false},"excerpt":{"rendered":"<p>L&#8217;hanno trovata smarrita e accucciata vicino alla mamma morta. Sembra la storia di Bambi, invece \u00e8 la storia di una piccola cerbiatta \u2013 vera e non a cartoni animati- che \u00e8 stata salvata nei boschi vicino a Rimini dagli operatori del Cras, il Centro di recupero per animali selvatici di via Baracchi. Una prima segnalazione [&hellip;]<\/p>\n","protected":false},"author":1,"featured_media":1000019838,"comment_status":"closed","ping_status":"open","sticky":false,"template":"","format":"standard","meta":{"content-type":"","_jetpack_memberships_contains_paid_content":false,"jnews-multi-image_gallery":[],"jnews_single_post":{"format":"standard"},"jnews_primary_category":[],"footnotes":"","jetpack_publicize_message":"","jetpack_publicize_feature_enabled":true,"jetpack_social_post_already_shared":true,"jetpack_social_options":{"image_generator_settings":{"template":"highway","default_image_id":0,"font":"","enabled":false},"version":2}},"categories":[42],"tags":[],"class_list":{"0":"post-1000019837","1":"post","2":"type-post","3":"status-publish","4":"format-standard","5":"has-post-thumbnail","7":"category-ecologia"},"jetpack_publicize_connections":[],"jetpack_featured_media_url":"https:\/\/i0.wp.com\/gazzettinoitalianopatagonico.com\/wp-content\/uploads\/2025\/07\/bambi-rimini-1024x760-1.jpg?fit=1024%2C760&ssl=1","jetpack_likes_enabled":true,"jetpack_sharing_enabled":true,"_links":{"self":[{"href":"https:\/\/gazzettinoitalianopatagonico.com\/index.php?rest_route=\/wp\/v2\/posts\/1000019837","targetHints":{"allow":["GET"]}}],"collection":[{"href":"https:\/\/gazzettinoitalianopatagonico.com\/index.php?rest_route=\/wp\/v2\/posts"}],"about":[{"href":"https:\/\/gazzettinoitalianopatagonico.com\/index.php?rest_route=\/wp\/v2\/types\/post"}],"author":[{"embeddable":true,"href":"https:\/\/gazzettinoitalianopatagonico.com\/index.php?rest_route=\/wp\/v2\/users\/1"}],"replies":[{"embeddable":true,"href":"https:\/\/gazzettinoitalianopatagonico.com\/index.php?rest_route=%2Fwp%2Fv2%2Fcomments&post=1000019837"}],"version-history":[{"count":1,"href":"https:\/\/gazzettinoitalianopatagonico.com\/index.php?rest_route=\/wp\/v2\/posts\/1000019837\/revisions"}],"predecessor-version":[{"id":1000019839,"href":"https:\/\/gazzettinoitalianopatagonico.com\/index.php?rest_route=\/wp\/v2\/posts\/1000019837\/revisions\/1000019839"}],"wp:featuredmedia":[{"embeddable":true,"href":"https:\/\/gazzettinoitalianopatagonico.com\/index.php?rest_route=\/wp\/v2\/media\/1000019838"}],"wp:attachment":[{"href":"https:\/\/gazzettinoitalianopatagonico.com\/index.php?rest_route=%2Fwp%2Fv2%2Fmedia&parent=1000019837"}],"wp:term":[{"taxonomy":"category","embeddable":true,"href":"https:\/\/gazzettinoitalianopatagonico.com\/index.php?rest_route=%2Fwp%2Fv2%2Fcategories&post=1000019837"},{"taxonomy":"post_tag","embeddable":true,"href":"https:\/\/gazzettinoitalianopatagonico.com\/index.php?rest_route=%2Fwp%2Fv2%2Ftags&post=1000019837"}],"curies":[{"name":"wp","href":"https:\/\/api.w.org\/{rel}","templated":true}]}}