{"id":1000019811,"date":"2025-07-02T20:18:34","date_gmt":"2025-07-02T23:18:34","guid":{"rendered":"https:\/\/gazzettinoitalianopatagonico.com\/?p=1000019811"},"modified":"2025-07-02T20:18:35","modified_gmt":"2025-07-02T23:18:35","slug":"caracas-persona-non-grata-alto-commissario-onu-per-i-diritti","status":"publish","type":"post","link":"https:\/\/gazzettinoitalianopatagonico.com\/?p=1000019811","title":{"rendered":"Caracas: \u00abPersona non grata\u00bb Alto commissario Onu per i diritti"},"content":{"rendered":"\n<p>L&#8217;Assemblea nazionale del Venezuela, il parlamento controllato dal &#8216;chavismo&#8217; al potere, la notte scorsa ha dichiarato \u00abpersona non grata\u00bb l&#8217;Alto commissario per i Diritti umani, Volker T\u00fcrk. Nella stessa sessione, il parlamento ha deciso all&#8217;unanimit\u00e0 di ritirare il Venezuela dall&#8217;ufficio Onu guidato da T\u00fcrk, finch\u00e9 quest&#8217;ultimo sar\u00e0 in carica. La reazione del potere legislativo venezuelano fa seguito a un rapporto presentato da Turk la scorsa settimana al Consiglio per i diritti umani di Ginevra, in cui ha denunciato un \u00absignificativo deterioramento\u00bb delle libert\u00e0 fondamentali in Venezuela durante il 2024 e il 2025, nel contesto delle elezioni presidenziali e legislative. Secondo l&#8217;Alto commissario, durante questo periodo sono state registrate detenzioni arbitrarie, sparizioni forzate, violazioni del giusto processo e denunce di torture e maltrattamenti. Il presidente dell&#8217;Assemblea nazionale, Jorge Rodr\u00edguez &#8211; un fedelissimo del presidente de facto del Venezuela, Nicolas Maduro &#8211; ha inoltre accusato T\u00fcrk di non aver mosso un dito per i 252 migranti venezuelani deportati dagli Stati Uniti a El Salvador, dove sono detenuti nel carcere di massima sicurezza di Cecot.<\/p>\n","protected":false},"excerpt":{"rendered":"<p>L&#8217;Assemblea nazionale del Venezuela, il parlamento controllato dal &#8216;chavismo&#8217; al potere, la notte scorsa ha dichiarato \u00abpersona non grata\u00bb l&#8217;Alto commissario per i Diritti umani, Volker T\u00fcrk. Nella stessa sessione, il parlamento ha deciso all&#8217;unanimit\u00e0 di ritirare il Venezuela dall&#8217;ufficio Onu guidato da T\u00fcrk, finch\u00e9 quest&#8217;ultimo sar\u00e0 in carica. La reazione del potere legislativo venezuelano [&hellip;]<\/p>\n","protected":false},"author":1,"featured_media":1000019812,"comment_status":"closed","ping_status":"open","sticky":false,"template":"","format":"standard","meta":{"content-type":"","_jetpack_memberships_contains_paid_content":false,"jnews-multi-image_gallery":[],"jnews_single_post":{"format":"standard"},"jnews_primary_category":[],"footnotes":"","jetpack_publicize_message":"","jetpack_publicize_feature_enabled":true,"jetpack_social_post_already_shared":true,"jetpack_social_options":{"image_generator_settings":{"template":"highway","default_image_id":0,"font":"","enabled":false},"version":2}},"categories":[270],"tags":[268],"class_list":{"0":"post-1000019811","1":"post","2":"type-post","3":"status-publish","4":"format-standard","5":"has-post-thumbnail","7":"category-america-latina","8":"tag-america-latina"},"jetpack_publicize_connections":[],"jetpack_featured_media_url":"https:\/\/i0.wp.com\/gazzettinoitalianopatagonico.com\/wp-content\/uploads\/2025\/07\/ploi.png?fit=756%2C464&ssl=1","jetpack_likes_enabled":true,"jetpack_sharing_enabled":true,"_links":{"self":[{"href":"https:\/\/gazzettinoitalianopatagonico.com\/index.php?rest_route=\/wp\/v2\/posts\/1000019811","targetHints":{"allow":["GET"]}}],"collection":[{"href":"https:\/\/gazzettinoitalianopatagonico.com\/index.php?rest_route=\/wp\/v2\/posts"}],"about":[{"href":"https:\/\/gazzettinoitalianopatagonico.com\/index.php?rest_route=\/wp\/v2\/types\/post"}],"author":[{"embeddable":true,"href":"https:\/\/gazzettinoitalianopatagonico.com\/index.php?rest_route=\/wp\/v2\/users\/1"}],"replies":[{"embeddable":true,"href":"https:\/\/gazzettinoitalianopatagonico.com\/index.php?rest_route=%2Fwp%2Fv2%2Fcomments&post=1000019811"}],"version-history":[{"count":1,"href":"https:\/\/gazzettinoitalianopatagonico.com\/index.php?rest_route=\/wp\/v2\/posts\/1000019811\/revisions"}],"predecessor-version":[{"id":1000019813,"href":"https:\/\/gazzettinoitalianopatagonico.com\/index.php?rest_route=\/wp\/v2\/posts\/1000019811\/revisions\/1000019813"}],"wp:featuredmedia":[{"embeddable":true,"href":"https:\/\/gazzettinoitalianopatagonico.com\/index.php?rest_route=\/wp\/v2\/media\/1000019812"}],"wp:attachment":[{"href":"https:\/\/gazzettinoitalianopatagonico.com\/index.php?rest_route=%2Fwp%2Fv2%2Fmedia&parent=1000019811"}],"wp:term":[{"taxonomy":"category","embeddable":true,"href":"https:\/\/gazzettinoitalianopatagonico.com\/index.php?rest_route=%2Fwp%2Fv2%2Fcategories&post=1000019811"},{"taxonomy":"post_tag","embeddable":true,"href":"https:\/\/gazzettinoitalianopatagonico.com\/index.php?rest_route=%2Fwp%2Fv2%2Ftags&post=1000019811"}],"curies":[{"name":"wp","href":"https:\/\/api.w.org\/{rel}","templated":true}]}}