{"id":1000019799,"date":"2025-07-02T19:58:32","date_gmt":"2025-07-02T22:58:32","guid":{"rendered":"https:\/\/gazzettinoitalianopatagonico.com\/?p=1000019799"},"modified":"2025-07-02T19:58:34","modified_gmt":"2025-07-02T22:58:34","slug":"giornata-delle-porpora-trombotica-trombocitopenica-anptt-la-gestione-sia-collettiva","status":"publish","type":"post","link":"https:\/\/gazzettinoitalianopatagonico.com\/?p=1000019799","title":{"rendered":"Giornata delle Porpora trombotica trombocitopenica, Anptt: la gestione sia collettiva"},"content":{"rendered":"\n<p>&nbsp;In occasione della quarta Giornata nazionale della Porpora trombotica trombocitopenica (Ptt) si \u00e8 svolto nella sala del Camino di palazzo Baldassini a Roma un convegno per fare il punto sul tema della cronicit\u00e0 di questa patologia particolarmente rara e complessa, che richiede un impegno costante non solo in termini clinici, ma anche umani e sociali. E la richiesta degli organizzatori \u00e8 \u00abche la gestione della cronicit\u00e0 sia una responsabilit\u00e0 collettiva che coinvolga istituzioni, mondo clinico e accademico, il sistema diagnostico e assistenziale, la collettivit\u00e0 dei pazienti\u00bb. Promossa dall&#8217;Associazione nazionale porpora trombotica trombocitopenica che quest&#8217;anno celebra anche il decimo anniversario dalla sua fondazione, la Giornata ha rappresentato un&#8217;importante occasione per ribadire come, grazie ai sostanziali progressi terapeutici e alcuni traguardi importanti dal punto di vista dei diritti, fondamentale il recente inserimento del dosaggio funzionale dell&#8217;enzima Adamts13 necessario per la diagnosi e il monitoraggio della patologia nei Lea, la Ptt non \u00e8 pi\u00f9 oggi solo una patologia d&#8217;emergenza, ma una condizione cronica, che richiede una presa in carico continuativa, multidisciplinare e centrata sul paziente.<\/p>\n\n\n\n<p>Per Massimo Chiaramonte, presidente dell&#8217;Anptt, che ha rappresentato la voce dei pazienti sottolineando il carico quotidiano della malattia, \u00abquando parliamo di cronicit\u00e0, non ci riferiamo solo alla durata della malattia, ma alla sua presenza costante nella nostra vita, come persone. La Ptt ti cambia ogni giorno: ti obbliga a vivere con l&#8217;incertezza, a riorganizzare la tua vita sociale e lavorativa, a gestire controlli frequenti, terapie complesse, una stanchezza fisica ed emotiva costante. Come associazione, ci battiamo, da dieci anni, perch\u00e9 tutto questo venga riconosciuto e affrontato con strumenti adeguati, a partire dal diritto di essere ascoltati per le nostre esigenze specifiche\u00bb. La professoressa Luana Fianchi, ematologa del policlinico Agostino Gemelli, ha ribadito la trasformazione radicale nella gestione clinica della patologia. \u00abAbbiamo superato l&#8217;era della Ptt come evento isolato e drammatico- ha detto- a condizione che venga diagnosticata e trattata precocemente. Oggi ci troviamo davanti a pazienti che possono convivere con la malattia per anni, con possibili ricadute, effetti collaterali e un impatto psico-sociale enorme. Serve una visione nuova, fatta di follow-up strutturati, condivisione dei dati clinici, sostegno psicologico e lavoro di squadra tra specialisti\u00bb.<\/p>\n\n\n\n<p>\u00abPer questa patologia \u00e8 molto importante la diagnosi precoce- ha aggiunto Fulvia Filippini, direttrice del settore rapporti istituzionali della Sanofi\u2013 il nostro impegno \u00e8 poi quello di mettere a disposizione dei pazienti terapie sempre pi\u00f9 innovative. \u00c8 stato fatto un importante percorso nel rapporto tra pubblico e privato che accresce anche l&#8217;importante ruolo delle associazioni dei pazienti. Queste collaborazioni sono fondamentali per migliorare, anche per questa patologia, il nostro sistema sanitario nazionale\u00bb. A promuovere l&#8217;iniziativa \u00e8 stata l&#8217;onorevole Ilenia Malavasi, membro della XII commissione Affari Sociali della Camera dei deputati che in passato ha promosso e sostenuto diverse istanze per questa comunit\u00e0 di pazienti. \u00abLa gestione delle malattie rare non si deve fermare pi\u00f9 alla sola fase acuta\u2013 ha fatto sapere- Oggi, grazie a nuove terapie innovative e specifiche, molte di queste condizioni diventano croniche, ma proprio per questo rischiano di essere dimenticate. Servono percorsi strutturati, continuit\u00e0 assistenziale e strumenti di supporto alla quotidianit\u00e0 con questa patologia. Ragione per cui auspichiamo che il passaggio in Conferenza Stato-Regioni per l&#8217;aggiornamento dei Lea si concluda rapidamente\u00bb.<\/p>\n\n\n\n<p>Emiliano Pretto<\/p>\n","protected":false},"excerpt":{"rendered":"<p>&nbsp;In occasione della quarta Giornata nazionale della Porpora trombotica trombocitopenica (Ptt) si \u00e8 svolto nella sala del Camino di palazzo Baldassini a Roma un convegno per fare il punto sul tema della cronicit\u00e0 di questa patologia particolarmente rara e complessa, che richiede un impegno costante non solo in termini clinici, ma anche umani e sociali. [&hellip;]<\/p>\n","protected":false},"author":1,"featured_media":1000019800,"comment_status":"closed","ping_status":"open","sticky":false,"template":"","format":"standard","meta":{"content-type":"","_jetpack_memberships_contains_paid_content":false,"jnews-multi-image_gallery":[],"jnews_single_post":{"format":"standard"},"jnews_primary_category":[],"footnotes":"","jetpack_publicize_message":"","jetpack_publicize_feature_enabled":true,"jetpack_social_post_already_shared":true,"jetpack_social_options":{"image_generator_settings":{"template":"highway","default_image_id":0,"font":"","enabled":false},"version":2}},"categories":[43],"tags":[],"class_list":{"0":"post-1000019799","1":"post","2":"type-post","3":"status-publish","4":"format-standard","5":"has-post-thumbnail","7":"category-salud"},"jetpack_publicize_connections":[],"jetpack_featured_media_url":"https:\/\/i0.wp.com\/gazzettinoitalianopatagonico.com\/wp-content\/uploads\/2025\/07\/SALUTE.-GIORNATA-PORPORA-TROMBOTICA-TROMBOCITOPENICA-ANPTT-GESTIONE-SIA-COLLETTIVA-1024x768-1.jpeg?fit=1024%2C768&ssl=1","jetpack_likes_enabled":true,"jetpack_sharing_enabled":true,"_links":{"self":[{"href":"https:\/\/gazzettinoitalianopatagonico.com\/index.php?rest_route=\/wp\/v2\/posts\/1000019799","targetHints":{"allow":["GET"]}}],"collection":[{"href":"https:\/\/gazzettinoitalianopatagonico.com\/index.php?rest_route=\/wp\/v2\/posts"}],"about":[{"href":"https:\/\/gazzettinoitalianopatagonico.com\/index.php?rest_route=\/wp\/v2\/types\/post"}],"author":[{"embeddable":true,"href":"https:\/\/gazzettinoitalianopatagonico.com\/index.php?rest_route=\/wp\/v2\/users\/1"}],"replies":[{"embeddable":true,"href":"https:\/\/gazzettinoitalianopatagonico.com\/index.php?rest_route=%2Fwp%2Fv2%2Fcomments&post=1000019799"}],"version-history":[{"count":1,"href":"https:\/\/gazzettinoitalianopatagonico.com\/index.php?rest_route=\/wp\/v2\/posts\/1000019799\/revisions"}],"predecessor-version":[{"id":1000019801,"href":"https:\/\/gazzettinoitalianopatagonico.com\/index.php?rest_route=\/wp\/v2\/posts\/1000019799\/revisions\/1000019801"}],"wp:featuredmedia":[{"embeddable":true,"href":"https:\/\/gazzettinoitalianopatagonico.com\/index.php?rest_route=\/wp\/v2\/media\/1000019800"}],"wp:attachment":[{"href":"https:\/\/gazzettinoitalianopatagonico.com\/index.php?rest_route=%2Fwp%2Fv2%2Fmedia&parent=1000019799"}],"wp:term":[{"taxonomy":"category","embeddable":true,"href":"https:\/\/gazzettinoitalianopatagonico.com\/index.php?rest_route=%2Fwp%2Fv2%2Fcategories&post=1000019799"},{"taxonomy":"post_tag","embeddable":true,"href":"https:\/\/gazzettinoitalianopatagonico.com\/index.php?rest_route=%2Fwp%2Fv2%2Ftags&post=1000019799"}],"curies":[{"name":"wp","href":"https:\/\/api.w.org\/{rel}","templated":true}]}}