{"id":1000019790,"date":"2025-07-02T19:54:41","date_gmt":"2025-07-02T22:54:41","guid":{"rendered":"https:\/\/gazzettinoitalianopatagonico.com\/?p=1000019790"},"modified":"2025-07-02T19:54:43","modified_gmt":"2025-07-02T22:54:43","slug":"fine-vita-dalle-commissioni-del-senato-ok-al-testo-base-voto-contrario-delle-opposizioni-2","status":"publish","type":"post","link":"https:\/\/gazzettinoitalianopatagonico.com\/?p=1000019790","title":{"rendered":"Fine vita, dalle Commissioni del Senato ok al testo base. Voto contrario delle opposizioni"},"content":{"rendered":"\n<p>Sar\u00e0 Denis Villeneuve a dirigere il nuovo 007. Ad annunciarlo sono stati gli Amazon MGM Studios che ne ha comprato i diritti dalla famiglia Broccoli. \u00abTanya Lapointe sar\u00e0 produttrice esecutiva. Come annunciato in precedenza, Amy Pascal e David Heyman saranno produttori\u00bb, ha scritto la casa di produzione cinematografica. Canadese classe 1967, Villeneuve si \u00e8 gi\u00e0 fatto notare per i suoi lavori. Nel 2010 \u00e8 stato candidato agli Oscar per il Miglior Film straniero con \u00abLa donna che canta\u00bb. Nel suo curriculum ci sono, poi, \u00abPrisoners\u00bb, \u00abSicario\u00bb e \u00abArrival\u00bb. Grande successo hanno riscosso \u00abBlade Runner 2049\u00bb e la saga di Dune, di questa il primo film si \u00e8 aggiudicato 6 statuette agli Oscar. \u00c8 in lavorazione anche il terzo capitolo che uscir\u00e0 nel 2026. \u00abAlcuni dei miei primi ricordi cinematografici sono legati a 007. Sono cresciuto guardando i film di James Bond con mio padre, fin da &#8216;Agente 007 \u2013 Licenza di uccidere&#8217; con Sean Connery\u00bb, ha dichiarato in una nota ufficiale Villeneuve riportata da Variety. \u00abSono un fan sfegatato di Bond. Per me, \u00e8 un territorio sacro. Intendo onorare la tradizione e aprire la strada a molte nuove missioni future. \u00c8 una responsabilit\u00e0 enorme, ma anche incredibilmente emozionante per me e un immenso onore\u00bb, ha aggiunto. \u00abAmy, David e io siamo assolutamente entusiasti di riportarlo sullo schermo. Grazie ad Amazon MGM Studios per la fiducia\u00bb, ha concluso. Ora la curiosit\u00e0 \u00e8 tutta per conoscere chi vestir\u00e0 i panni del nuovo James Bond dopo l&#8217;addio di Daniel Craig.<\/p>\n\n\n\n<p>Giusy Mercadante<\/p>\n","protected":false},"excerpt":{"rendered":"<p>Sar\u00e0 Denis Villeneuve a dirigere il nuovo 007. Ad annunciarlo sono stati gli Amazon MGM Studios che ne ha comprato i diritti dalla famiglia Broccoli. \u00abTanya Lapointe sar\u00e0 produttrice esecutiva. Come annunciato in precedenza, Amy Pascal e David Heyman saranno produttori\u00bb, ha scritto la casa di produzione cinematografica. Canadese classe 1967, Villeneuve si \u00e8 gi\u00e0 [&hellip;]<\/p>\n","protected":false},"author":1,"featured_media":1000019791,"comment_status":"closed","ping_status":"open","sticky":false,"template":"","format":"standard","meta":{"content-type":"","_jetpack_memberships_contains_paid_content":false,"jnews-multi-image_gallery":[],"jnews_single_post":{"format":"standard"},"jnews_primary_category":[],"footnotes":"","jetpack_publicize_message":"","jetpack_publicize_feature_enabled":true,"jetpack_social_post_already_shared":true,"jetpack_social_options":{"image_generator_settings":{"template":"highway","default_image_id":0,"font":"","enabled":false},"version":2}},"categories":[255],"tags":[],"class_list":{"0":"post-1000019790","1":"post","2":"type-post","3":"status-publish","4":"format-standard","5":"has-post-thumbnail","7":"category-sociales"},"jetpack_publicize_connections":[],"jetpack_featured_media_url":"https:\/\/i0.wp.com\/gazzettinoitalianopatagonico.com\/wp-content\/uploads\/2025\/07\/denise-villeneuve-1024x619-1.jpg?fit=1024%2C619&ssl=1","jetpack_likes_enabled":true,"jetpack_sharing_enabled":true,"_links":{"self":[{"href":"https:\/\/gazzettinoitalianopatagonico.com\/index.php?rest_route=\/wp\/v2\/posts\/1000019790","targetHints":{"allow":["GET"]}}],"collection":[{"href":"https:\/\/gazzettinoitalianopatagonico.com\/index.php?rest_route=\/wp\/v2\/posts"}],"about":[{"href":"https:\/\/gazzettinoitalianopatagonico.com\/index.php?rest_route=\/wp\/v2\/types\/post"}],"author":[{"embeddable":true,"href":"https:\/\/gazzettinoitalianopatagonico.com\/index.php?rest_route=\/wp\/v2\/users\/1"}],"replies":[{"embeddable":true,"href":"https:\/\/gazzettinoitalianopatagonico.com\/index.php?rest_route=%2Fwp%2Fv2%2Fcomments&post=1000019790"}],"version-history":[{"count":1,"href":"https:\/\/gazzettinoitalianopatagonico.com\/index.php?rest_route=\/wp\/v2\/posts\/1000019790\/revisions"}],"predecessor-version":[{"id":1000019792,"href":"https:\/\/gazzettinoitalianopatagonico.com\/index.php?rest_route=\/wp\/v2\/posts\/1000019790\/revisions\/1000019792"}],"wp:featuredmedia":[{"embeddable":true,"href":"https:\/\/gazzettinoitalianopatagonico.com\/index.php?rest_route=\/wp\/v2\/media\/1000019791"}],"wp:attachment":[{"href":"https:\/\/gazzettinoitalianopatagonico.com\/index.php?rest_route=%2Fwp%2Fv2%2Fmedia&parent=1000019790"}],"wp:term":[{"taxonomy":"category","embeddable":true,"href":"https:\/\/gazzettinoitalianopatagonico.com\/index.php?rest_route=%2Fwp%2Fv2%2Fcategories&post=1000019790"},{"taxonomy":"post_tag","embeddable":true,"href":"https:\/\/gazzettinoitalianopatagonico.com\/index.php?rest_route=%2Fwp%2Fv2%2Ftags&post=1000019790"}],"curies":[{"name":"wp","href":"https:\/\/api.w.org\/{rel}","templated":true}]}}