{"id":1000019753,"date":"2025-07-01T11:32:04","date_gmt":"2025-07-01T14:32:04","guid":{"rendered":"https:\/\/gazzettinoitalianopatagonico.com\/?p=1000019753"},"modified":"2025-07-01T11:32:06","modified_gmt":"2025-07-01T14:32:06","slug":"pnrr-malan-fdi-grazie-a-governo-meloni-si-conferma-primato-italia","status":"publish","type":"post","link":"https:\/\/gazzettinoitalianopatagonico.com\/?p=1000019753","title":{"rendered":"Pnrr. Malan (FdI): grazie a governo Meloni si conferma primato Italia\u00a0"},"content":{"rendered":"\n<p>\u00abL&#8217;approvazione della Commissione Ue del pagamento all&#8217;Italia della settima rata del PNRR, pari a 18,3 miliardi di euro, attesta il primato della nostra Nazione nell&#8217;attuazione del piano. E&#8217; l&#8217;ulteriore conferma che il lavoro che sta portando avanti il governo Meloni e l&#8217;impegno del ministro Foti, caratterizzati da visione, concretezza e responsabilit\u00e0, riscuotono l&#8217;approvazione dell&#8217;Europa. Continua ad essere inspiegabile, invece, l&#8217;atteggiamento di chi non vuole riconoscere questi straordinari risultati. Al di l\u00e0 della quotidiana polemica, negare gli oggettivi risultati del governo per l&#8217;Italia e per gli italiani \u00e8 fare danno all&#8217;Italia oltre che alla realt\u00e0 dei fatti\u00bb.&nbsp;<\/p>\n\n\n\n<p>Lo dichiara il presidente dei senatori di Fratelli d&#8217;Italia in Senato Lucio Malan.<\/p>\n","protected":false},"excerpt":{"rendered":"<p>\u00abL&#8217;approvazione della Commissione Ue del pagamento all&#8217;Italia della settima rata del PNRR, pari a 18,3 miliardi di euro, attesta il primato della nostra Nazione nell&#8217;attuazione del piano. E&#8217; l&#8217;ulteriore conferma che il lavoro che sta portando avanti il governo Meloni e l&#8217;impegno del ministro Foti, caratterizzati da visione, concretezza e responsabilit\u00e0, riscuotono l&#8217;approvazione dell&#8217;Europa. Continua [&hellip;]<\/p>\n","protected":false},"author":1,"featured_media":1000006270,"comment_status":"closed","ping_status":"open","sticky":false,"template":"","format":"standard","meta":{"content-type":"","_jetpack_memberships_contains_paid_content":false,"jnews-multi-image_gallery":[],"jnews_single_post":{"format":"standard"},"jnews_primary_category":[],"footnotes":"","jetpack_publicize_message":"","jetpack_publicize_feature_enabled":true,"jetpack_social_post_already_shared":true,"jetpack_social_options":{"image_generator_settings":{"template":"highway","default_image_id":0,"font":"","enabled":false},"version":2}},"categories":[46,32],"tags":[],"class_list":{"0":"post-1000019753","1":"post","2":"type-post","3":"status-publish","4":"format-standard","5":"has-post-thumbnail","7":"category-italia","8":"category-politica"},"jetpack_publicize_connections":[],"jetpack_featured_media_url":"https:\/\/i0.wp.com\/gazzettinoitalianopatagonico.com\/wp-content\/uploads\/2024\/06\/Malan16-lvdp.webp?fit=1200%2C628&ssl=1","jetpack_likes_enabled":true,"jetpack_sharing_enabled":true,"_links":{"self":[{"href":"https:\/\/gazzettinoitalianopatagonico.com\/index.php?rest_route=\/wp\/v2\/posts\/1000019753","targetHints":{"allow":["GET"]}}],"collection":[{"href":"https:\/\/gazzettinoitalianopatagonico.com\/index.php?rest_route=\/wp\/v2\/posts"}],"about":[{"href":"https:\/\/gazzettinoitalianopatagonico.com\/index.php?rest_route=\/wp\/v2\/types\/post"}],"author":[{"embeddable":true,"href":"https:\/\/gazzettinoitalianopatagonico.com\/index.php?rest_route=\/wp\/v2\/users\/1"}],"replies":[{"embeddable":true,"href":"https:\/\/gazzettinoitalianopatagonico.com\/index.php?rest_route=%2Fwp%2Fv2%2Fcomments&post=1000019753"}],"version-history":[{"count":1,"href":"https:\/\/gazzettinoitalianopatagonico.com\/index.php?rest_route=\/wp\/v2\/posts\/1000019753\/revisions"}],"predecessor-version":[{"id":1000019754,"href":"https:\/\/gazzettinoitalianopatagonico.com\/index.php?rest_route=\/wp\/v2\/posts\/1000019753\/revisions\/1000019754"}],"wp:featuredmedia":[{"embeddable":true,"href":"https:\/\/gazzettinoitalianopatagonico.com\/index.php?rest_route=\/wp\/v2\/media\/1000006270"}],"wp:attachment":[{"href":"https:\/\/gazzettinoitalianopatagonico.com\/index.php?rest_route=%2Fwp%2Fv2%2Fmedia&parent=1000019753"}],"wp:term":[{"taxonomy":"category","embeddable":true,"href":"https:\/\/gazzettinoitalianopatagonico.com\/index.php?rest_route=%2Fwp%2Fv2%2Fcategories&post=1000019753"},{"taxonomy":"post_tag","embeddable":true,"href":"https:\/\/gazzettinoitalianopatagonico.com\/index.php?rest_route=%2Fwp%2Fv2%2Ftags&post=1000019753"}],"curies":[{"name":"wp","href":"https:\/\/api.w.org\/{rel}","templated":true}]}}