{"id":1000019737,"date":"2025-07-01T11:06:08","date_gmt":"2025-07-01T14:06:08","guid":{"rendered":"https:\/\/gazzettinoitalianopatagonico.com\/?p=1000019737"},"modified":"2025-07-01T11:06:09","modified_gmt":"2025-07-01T14:06:09","slug":"infrastrutture-farolfi-fdi-nomina-commissario-av-e-svolta-storica-per-costa-adriatica","status":"publish","type":"post","link":"https:\/\/gazzettinoitalianopatagonico.com\/?p=1000019737","title":{"rendered":"Infrastrutture. Farolfi (FdI): nomina commissario AV \u00e8 svolta storica per costa adriatica\u00a0"},"content":{"rendered":"\n<p>\u00abLa nomina di Aldo Isi come Commissario Straordinario per il potenziamento e la velocizzazione della linea ferroviaria Adriatica rappresenta un momento di svolta per le Marche e per l&#8217;intera costa adriatica. Si tratta di un&#8217;infrastruttura strategica, attesa da anni e che finalmente potr\u00e0 dotare anche la nostra dorsale di collegamenti ad Alta Velocit\u00e0, superando le attuali criticit\u00e0 e consentendo una mobilit\u00e0 moderna, efficiente e competitiva. Questa scelta testimonia l&#8217;attenzione che il Governo riserva alle Marche, riconoscendone il ruolo centrale nello sviluppo del Paese. Esprimo, infatti, un sentito ringraziamento al Presidente del Consiglio Giorgia Meloni per aver creduto in questo progetto. Un plauso va anche al Presidente della Regione Marche, Francesco Acquaroli, la cui lungimiranza \u00e8 stata determinante per orientare le scelte verso una soluzione ambiziosa e concreta. Con la nomina del Commissario Straordinario, si apre quindi una fase operativa che potr\u00e0 contare su iter pi\u00f9 snelli e tempi pi\u00f9 certi. \u00c8 un segnale forte: si volta finalmente pagina rispetto al passato, puntando su una progettualit\u00e0 seria, strutturata e all&#8217;altezza delle reali esigenze del territorio e della nazione\u00bb.<\/p>\n\n\n\n<p>Lo dichiara la senatrice di Fratelli d&#8217;Italia Marta Farolfi.<\/p>\n","protected":false},"excerpt":{"rendered":"<p>\u00abLa nomina di Aldo Isi come Commissario Straordinario per il potenziamento e la velocizzazione della linea ferroviaria Adriatica rappresenta un momento di svolta per le Marche e per l&#8217;intera costa adriatica. Si tratta di un&#8217;infrastruttura strategica, attesa da anni e che finalmente potr\u00e0 dotare anche la nostra dorsale di collegamenti ad Alta Velocit\u00e0, superando le [&hellip;]<\/p>\n","protected":false},"author":1,"featured_media":787,"comment_status":"closed","ping_status":"open","sticky":false,"template":"","format":"standard","meta":{"content-type":"","_jetpack_memberships_contains_paid_content":false,"jnews-multi-image_gallery":[],"jnews_single_post":{"format":"standard"},"jnews_primary_category":[],"footnotes":"","jetpack_publicize_message":"","jetpack_publicize_feature_enabled":true,"jetpack_social_post_already_shared":true,"jetpack_social_options":{"image_generator_settings":{"template":"highway","default_image_id":0,"font":"","enabled":false},"version":2}},"categories":[46,32],"tags":[],"class_list":{"0":"post-1000019737","1":"post","2":"type-post","3":"status-publish","4":"format-standard","5":"has-post-thumbnail","7":"category-italia","8":"category-politica"},"jetpack_publicize_connections":[],"jetpack_featured_media_url":"https:\/\/i0.wp.com\/gazzettinoitalianopatagonico.com\/wp-content\/uploads\/2024\/04\/Farolfi4-lvdp.webp?fit=1200%2C628&ssl=1","jetpack_likes_enabled":true,"jetpack_sharing_enabled":true,"_links":{"self":[{"href":"https:\/\/gazzettinoitalianopatagonico.com\/index.php?rest_route=\/wp\/v2\/posts\/1000019737","targetHints":{"allow":["GET"]}}],"collection":[{"href":"https:\/\/gazzettinoitalianopatagonico.com\/index.php?rest_route=\/wp\/v2\/posts"}],"about":[{"href":"https:\/\/gazzettinoitalianopatagonico.com\/index.php?rest_route=\/wp\/v2\/types\/post"}],"author":[{"embeddable":true,"href":"https:\/\/gazzettinoitalianopatagonico.com\/index.php?rest_route=\/wp\/v2\/users\/1"}],"replies":[{"embeddable":true,"href":"https:\/\/gazzettinoitalianopatagonico.com\/index.php?rest_route=%2Fwp%2Fv2%2Fcomments&post=1000019737"}],"version-history":[{"count":1,"href":"https:\/\/gazzettinoitalianopatagonico.com\/index.php?rest_route=\/wp\/v2\/posts\/1000019737\/revisions"}],"predecessor-version":[{"id":1000019738,"href":"https:\/\/gazzettinoitalianopatagonico.com\/index.php?rest_route=\/wp\/v2\/posts\/1000019737\/revisions\/1000019738"}],"wp:featuredmedia":[{"embeddable":true,"href":"https:\/\/gazzettinoitalianopatagonico.com\/index.php?rest_route=\/wp\/v2\/media\/787"}],"wp:attachment":[{"href":"https:\/\/gazzettinoitalianopatagonico.com\/index.php?rest_route=%2Fwp%2Fv2%2Fmedia&parent=1000019737"}],"wp:term":[{"taxonomy":"category","embeddable":true,"href":"https:\/\/gazzettinoitalianopatagonico.com\/index.php?rest_route=%2Fwp%2Fv2%2Fcategories&post=1000019737"},{"taxonomy":"post_tag","embeddable":true,"href":"https:\/\/gazzettinoitalianopatagonico.com\/index.php?rest_route=%2Fwp%2Fv2%2Ftags&post=1000019737"}],"curies":[{"name":"wp","href":"https:\/\/api.w.org\/{rel}","templated":true}]}}