{"id":1000019696,"date":"2025-06-30T11:20:54","date_gmt":"2025-06-30T14:20:54","guid":{"rendered":"https:\/\/gazzettinoitalianopatagonico.com\/?p=1000019696"},"modified":"2025-06-30T11:20:56","modified_gmt":"2025-06-30T14:20:56","slug":"colombia-nuovi-computer-per-le-ragazze-di-casa-mama-margarita","status":"publish","type":"post","link":"https:\/\/gazzettinoitalianopatagonico.com\/?p=1000019696","title":{"rendered":"Colombia nuovi computer per le ragazze di Casa mam\u00e1 Margarita"},"content":{"rendered":"\n<p>Elaborare il trauma e diventare forti, grazie all&#8217;amicizia, allo stare insieme, a nuove competenze che trasformano le storie di ciascuna: percorso e vissuto quotidiano per le 154 bambine e ragazze della Casa-famiglia Mam\u00e1 Margarita, a Medellin, in Colombia. Con una notizia: nella struttura, gestita dalle Figlie di Maria Ausiliatrice, sono arrivati nuovi computer e attrezzature per l&#8217;area giochi, uno spazio di incontro e di rinascita anche psicologica. Gli acquisti sono stati possibili grazie all&#8217;8xmille alla Chiesa cattolica, una scelta che attraverso una semplice firma permette di moltiplicare i contributi per un mondo pi\u00f9 giusto e solidale. Le minori accolte nella Casa hanno un vissuto difficile, in un contesto che spesso \u00e8 di violenza e abbandono.<\/p>\n\n\n\n<p>Al loro fianco c&#8217;\u00e8 Vides, una organizzazione italiana della rete salesiana. Suor Alba Luc\u00eda Giraldo Quintero \u00e8 la direttrice della Casa Mam\u00e1 Margarita: \u00ab\u00c8 un luogo molto bello dove accogliamo le ragazze che ci manda lei, la Vergine Maria\u00bb. Maria Rosa Alvarez, educatrice, parla di computer e nuove possibilit\u00e0: \u00abLe giovani hanno potuto trasformare le loro storie, perch\u00e9 la tecnologia ha permesso di acquisire strumenti per poter frequentare anche altre istituzioni e avere una formazione integrale\u00bb. Descrive Casa Mam\u00e1 Margarita, una delle studentesse, che ha 14 anni: \u00abE&#8217; un luogo aperto, dove ci amano, ci rispettano e ci insegnano a valorizzare le persone, dandoci una base per costruire un presente e un futuro migliori\u00bb.<\/p>\n\n\n\n<p>Vincenzo Giardina<\/p>\n","protected":false},"excerpt":{"rendered":"<p>Elaborare il trauma e diventare forti, grazie all&#8217;amicizia, allo stare insieme, a nuove competenze che trasformano le storie di ciascuna: percorso e vissuto quotidiano per le 154 bambine e ragazze della Casa-famiglia Mam\u00e1 Margarita, a Medellin, in Colombia. Con una notizia: nella struttura, gestita dalle Figlie di Maria Ausiliatrice, sono arrivati nuovi computer e attrezzature [&hellip;]<\/p>\n","protected":false},"author":1,"featured_media":1000019697,"comment_status":"closed","ping_status":"open","sticky":false,"template":"","format":"standard","meta":{"content-type":"","_jetpack_memberships_contains_paid_content":false,"jnews-multi-image_gallery":[],"jnews_single_post":{"format":"standard"},"jnews_primary_category":[],"footnotes":"","jetpack_publicize_message":"","jetpack_publicize_feature_enabled":true,"jetpack_social_post_already_shared":true,"jetpack_social_options":{"image_generator_settings":{"template":"highway","default_image_id":0,"font":"","enabled":false},"version":2}},"categories":[270],"tags":[268],"class_list":{"0":"post-1000019696","1":"post","2":"type-post","3":"status-publish","4":"format-standard","5":"has-post-thumbnail","7":"category-america-latina","8":"tag-america-latina"},"jetpack_publicize_connections":[],"jetpack_featured_media_url":"https:\/\/i0.wp.com\/gazzettinoitalianopatagonico.com\/wp-content\/uploads\/2025\/06\/Colombia.-Nuovi-computer-per-le-ragazze-di-Casa-mama-Margarita-1024x683-1.jpeg?fit=1024%2C683&ssl=1","jetpack_likes_enabled":true,"jetpack_sharing_enabled":true,"_links":{"self":[{"href":"https:\/\/gazzettinoitalianopatagonico.com\/index.php?rest_route=\/wp\/v2\/posts\/1000019696","targetHints":{"allow":["GET"]}}],"collection":[{"href":"https:\/\/gazzettinoitalianopatagonico.com\/index.php?rest_route=\/wp\/v2\/posts"}],"about":[{"href":"https:\/\/gazzettinoitalianopatagonico.com\/index.php?rest_route=\/wp\/v2\/types\/post"}],"author":[{"embeddable":true,"href":"https:\/\/gazzettinoitalianopatagonico.com\/index.php?rest_route=\/wp\/v2\/users\/1"}],"replies":[{"embeddable":true,"href":"https:\/\/gazzettinoitalianopatagonico.com\/index.php?rest_route=%2Fwp%2Fv2%2Fcomments&post=1000019696"}],"version-history":[{"count":1,"href":"https:\/\/gazzettinoitalianopatagonico.com\/index.php?rest_route=\/wp\/v2\/posts\/1000019696\/revisions"}],"predecessor-version":[{"id":1000019698,"href":"https:\/\/gazzettinoitalianopatagonico.com\/index.php?rest_route=\/wp\/v2\/posts\/1000019696\/revisions\/1000019698"}],"wp:featuredmedia":[{"embeddable":true,"href":"https:\/\/gazzettinoitalianopatagonico.com\/index.php?rest_route=\/wp\/v2\/media\/1000019697"}],"wp:attachment":[{"href":"https:\/\/gazzettinoitalianopatagonico.com\/index.php?rest_route=%2Fwp%2Fv2%2Fmedia&parent=1000019696"}],"wp:term":[{"taxonomy":"category","embeddable":true,"href":"https:\/\/gazzettinoitalianopatagonico.com\/index.php?rest_route=%2Fwp%2Fv2%2Fcategories&post=1000019696"},{"taxonomy":"post_tag","embeddable":true,"href":"https:\/\/gazzettinoitalianopatagonico.com\/index.php?rest_route=%2Fwp%2Fv2%2Ftags&post=1000019696"}],"curies":[{"name":"wp","href":"https:\/\/api.w.org\/{rel}","templated":true}]}}