{"id":1000019687,"date":"2025-06-30T11:18:14","date_gmt":"2025-06-30T14:18:14","guid":{"rendered":"https:\/\/gazzettinoitalianopatagonico.com\/?p=1000019687"},"modified":"2025-06-30T11:18:16","modified_gmt":"2025-06-30T14:18:16","slug":"que-paso-con-la-venta-de-naftas-tras-el-aumento-de-la-brecha-entre-ypf-y-el-resto","status":"publish","type":"post","link":"https:\/\/gazzettinoitalianopatagonico.com\/?p=1000019687","title":{"rendered":"Qu\u00e9 pas\u00f3 con la venta de naftas tras el aumento de la brecha entre YPF y el resto"},"content":{"rendered":"\n<p>La fuerte volatilidad de precios del barril de petr\u00f3leo por la sucesi\u00f3n de conflictos a nivel global provoc\u00f3 un curioso movimiento en los precios locales de las naftas que tuvo efectos concretos en la distribuci\u00f3n de la torta. En el pico de tensi\u00f3n entre Ir\u00e1n e Israel, el crudo salt\u00f3 a 78 d\u00f3lares por barril y gener\u00f3 un incremento de precios del 5,5% en los surtidores de todas las empresas locales, a excepci\u00f3n de YPF, que mantuvo sus valores constantes. Eso dispar\u00f3 la brecha a niveles in\u00e9ditos que llegaron al 11,8% en la nafta premium y al 10,6% en la s\u00faper respecto a la competencia, seg\u00fan indicaron las pantallas del nuevo Real Time Intelligence Center que inaugur\u00f3 YPF el mi\u00e9rcoles y que pudo recorrer +e. En esa visita, t\u00e9cnicos de la empresa de mayor\u00eda estatal afirmaron que el impacto no tuvo un efecto tan claro en el \u00abmarket share\u00bb (cuota de mercado) porque hab\u00edan pasado pocos d\u00edas y los consumidores todav\u00eda no llegaron a percibir esta diferencia. No obstante, a ra\u00edz de la publicaci\u00f3n de los \u00faltimos datos de venta de mayo, se pueden ver algunos cambios. Mientras que las pantallas de YPF reflejaban que el market share en lo que va de junio es del 56,9%, el informe del portal Surtidores muestra que en mayo este n\u00famero era del 54,6%. De igual manera, lo m\u00e1s probable es que, ante el desplome de los precios del Brent hasta 68 d\u00f3lares por barril a partir del acuerdo de cese de fuego con Ir\u00e1n, esta distancia tienda a achicarse. Por un lado, se espera que en los pr\u00f3ximos d\u00edas se retrotraiga gran parte de este aumento de las privadas. En paralelo, puede que YPF aplique un aumento m\u00ednimo el 1 de julio, m\u00e1s vinculado al valor de los biocombustibles y el componente impositivo nacional. En cuanto a la venta de combustibles de mayo, se pudo ver la continuidad de incrementos en los vol\u00famenes de los productos premium, con una suba interanual de ventas de nafta del 18,92% y del 11,52% en el gasoil grado 3. En tanto, la super subi\u00f3 apenas un 0,08% y el gasoil grado 2 cay\u00f3 un 12,47%. En consecuencia, se registra un crecimiento de ventas de forma interanual por tercer mes consecutivo tras 15 meses de ca\u00eddas, aunque en la comparaci\u00f3n con el mes anterior hay una merma del 0,29%.<\/p>\n","protected":false},"excerpt":{"rendered":"<p>La fuerte volatilidad de precios del barril de petr\u00f3leo por la sucesi\u00f3n de conflictos a nivel global provoc\u00f3 un curioso movimiento en los precios locales de las naftas que tuvo efectos concretos en la distribuci\u00f3n de la torta. En el pico de tensi\u00f3n entre Ir\u00e1n e Israel, el crudo salt\u00f3 a 78 d\u00f3lares por barril [&hellip;]<\/p>\n","protected":false},"author":1,"featured_media":1000019688,"comment_status":"closed","ping_status":"open","sticky":false,"template":"","format":"standard","meta":{"content-type":"","_jetpack_memberships_contains_paid_content":false,"jnews-multi-image_gallery":[],"jnews_single_post":{"format":"standard"},"jnews_primary_category":[],"footnotes":"","jetpack_publicize_message":"","jetpack_publicize_feature_enabled":true,"jetpack_social_post_already_shared":true,"jetpack_social_options":{"image_generator_settings":{"template":"highway","default_image_id":0,"font":"","enabled":false},"version":2}},"categories":[270],"tags":[268],"class_list":{"0":"post-1000019687","1":"post","2":"type-post","3":"status-publish","4":"format-standard","5":"has-post-thumbnail","7":"category-america-latina","8":"tag-america-latina"},"jetpack_publicize_connections":[],"jetpack_featured_media_url":"https:\/\/i0.wp.com\/gazzettinoitalianopatagonico.com\/wp-content\/uploads\/2025\/06\/reloo.png?fit=740%2C471&ssl=1","jetpack_likes_enabled":true,"jetpack_sharing_enabled":true,"_links":{"self":[{"href":"https:\/\/gazzettinoitalianopatagonico.com\/index.php?rest_route=\/wp\/v2\/posts\/1000019687","targetHints":{"allow":["GET"]}}],"collection":[{"href":"https:\/\/gazzettinoitalianopatagonico.com\/index.php?rest_route=\/wp\/v2\/posts"}],"about":[{"href":"https:\/\/gazzettinoitalianopatagonico.com\/index.php?rest_route=\/wp\/v2\/types\/post"}],"author":[{"embeddable":true,"href":"https:\/\/gazzettinoitalianopatagonico.com\/index.php?rest_route=\/wp\/v2\/users\/1"}],"replies":[{"embeddable":true,"href":"https:\/\/gazzettinoitalianopatagonico.com\/index.php?rest_route=%2Fwp%2Fv2%2Fcomments&post=1000019687"}],"version-history":[{"count":1,"href":"https:\/\/gazzettinoitalianopatagonico.com\/index.php?rest_route=\/wp\/v2\/posts\/1000019687\/revisions"}],"predecessor-version":[{"id":1000019689,"href":"https:\/\/gazzettinoitalianopatagonico.com\/index.php?rest_route=\/wp\/v2\/posts\/1000019687\/revisions\/1000019689"}],"wp:featuredmedia":[{"embeddable":true,"href":"https:\/\/gazzettinoitalianopatagonico.com\/index.php?rest_route=\/wp\/v2\/media\/1000019688"}],"wp:attachment":[{"href":"https:\/\/gazzettinoitalianopatagonico.com\/index.php?rest_route=%2Fwp%2Fv2%2Fmedia&parent=1000019687"}],"wp:term":[{"taxonomy":"category","embeddable":true,"href":"https:\/\/gazzettinoitalianopatagonico.com\/index.php?rest_route=%2Fwp%2Fv2%2Fcategories&post=1000019687"},{"taxonomy":"post_tag","embeddable":true,"href":"https:\/\/gazzettinoitalianopatagonico.com\/index.php?rest_route=%2Fwp%2Fv2%2Ftags&post=1000019687"}],"curies":[{"name":"wp","href":"https:\/\/api.w.org\/{rel}","templated":true}]}}