{"id":1000019438,"date":"2025-06-26T21:20:38","date_gmt":"2025-06-27T00:20:38","guid":{"rendered":"https:\/\/gazzettinoitalianopatagonico.com\/?p=1000019438"},"modified":"2025-06-26T21:20:40","modified_gmt":"2025-06-27T00:20:40","slug":"bezos-e-la-futura-sposa-a-venezia-tra-feste-e-proteste","status":"publish","type":"post","link":"https:\/\/gazzettinoitalianopatagonico.com\/?p=1000019438","title":{"rendered":"Bezos e la futura sposa a Venezia, tra feste e proteste"},"content":{"rendered":"\n<p>Jeff Bezos e Lauren Sanchez sono arrivati a Venezia e dunque che inizino le feste. Le porte dell&#8217;hotel Aman, un resort 7 stelle lusso sul Canal Grande &#8211; in cui soggiornarono anche George Clooney e Amal Alamuddin &#8211; si sono aperte nel pomeriggio per accogliere la miliardaria coppia, giunta direttamente in elicottero all&#8217;aeroporto Marco Polo, con ogni probabilit\u00e0 pilotato dalla stessa Lauren. I due sono arrivati alla porta d&#8217;acqua dell&#8217;Aman, schermata da un gazebo, a bordo di un elegantissimo motoscafo ricoperto in mogano e si sono infilati nel resort, off limits da stasera per chiunque. Qualche ora di riposo e poi la coppia \u00e8 uscita: di nuovo a bordo di un motoscafo per raggiungere palazzo Brandolini d&#8217;Adda, residenza dell&#8217;imprenditrice e stilita Diana Von Furstenberg. Un&#8217;uscita che non ha colto di sorpresa i fotografi e anche diversi turisti, ai quali Bezos e Sanchez si sono rivolti ricambiando i saluti con la mano. Laguna si stanno intanto affollando gli yacht dei molti invitati vip alle nozze di mister Amazon e signora, che saranno celebrate &#8211; si tratta di in realt\u00e0 dello scambio degli anelli, con festa al seguito &#8211; venerd\u00ec 27 giugno al riparo della Fondazione Cini, sull&#8217;isola di San Giorgio. Tra le super ospiti, in laguna gi\u00e0 da marted\u00ec sera Ivanka Trump, figlia del presidente degli Stati Uniti, che alloggia al St.Regis Venice, un hotel sul Canal Grande con vista sulla Basilica della Salute e la Punta della Dogana. Per lei c&#8217;\u00e8 stata mercoled\u00ec la prima uscita per lo shopping, assieme a due dei tre figli. Ivanka \u00e8 stata pizzicata dai fotografi mentre in motoscafo tornava dopo un giro in centro storico, in testa un cappello cowboy in tela e addosso un leggero vestito color salvia, scollato sulla schiena. In attesa della festa del 27, Venezia gi\u00e0 gioved\u00ec ospiter\u00e0 il primo evento: in Campo della Madonna dell&#8217;Orto, una delle zone pi\u00f9 affascinanti e meno conosciute della citt\u00e0, \u00e8 tutto un via vai del personale del catering e della sicurezza per allestire i grandi teloni anti fotografi a protezione di giardini e campielli. In programma c&#8217;\u00e8 il parti di benvenuto della coppia a star, businessman e attori di Hollywood approdati in laguna. Contemporaneamente prosegue, e anzi si fa sempre pi\u00f9 insistente, il tam tam on line sule proteste &#8216;anti-Bezos&#8217; annunciate (e in parte gi\u00e0 attuate) dal fronte antagonista. I comitati puntano anche sull&#8217;effetto sorpresa e sui blitz estemporanei. Si vocifera, ad esempio, di manifestazioni che potrebbero interessare gi\u00e0 gioved\u00ec sera il bacino di San Marco, ma anche il Canal Grande, nei pressi di Rialto. Non si conoscono i dettagli nelle iniziative, che vedranno impegnati il movimento raggruppatosi negli slogan \u00abNo Space for Bezos\u00bb e \u00abNo Space for War\u00bb. Ufficialmente al momento si conosce solo l&#8217;appuntamento previsto per sabato 28: un corteo colorato che partir\u00e0 dal piazzale della Stazione e proseguir\u00e0 lungo Strada Nova per raggiungere la zona del Ponte di Rialto, e Campo Sant&#8217;Angelo. Insomma, nuovi momenti di protesta per la presenza del miliardario di Amazon, dopo quelle gi\u00e0 attuate in questi giorni da parte di Greenpeace in Piazza San Marco e da Extinction Rebellion, che ha affisso uno striscione vicino al Danieli. \u00abLe proteste pacifiche a Bezos non fanno paura &#8211; ha affermato il sindaco Luigi Brugnaro &#8211; Sono orgoglioso che Bezos e i suoi amici vengano a festeggiare il matrimonio qui, l&#8217;abbiamo invitato noi e siamo convinti che Venezia abbia assunto un ruolo mondiale da questo punto di vista. Poi ognuno si tiene le sue idee\u00bb. Soddisfatto anche il presidente del Veneto Luca Zaia che ha ricordato come le donazioni della coppia alla citt\u00e0 siano passate da uno a 3 milioni di euro. \u00abMi auguro che la scintilla scoccata tra Bezos e Venezia possa trasformarsi in un legame duraturo &#8211; ha aggiunto &#8211; Welcome in Venice, Jeff\u00bb.<\/p>\n","protected":false},"excerpt":{"rendered":"<p>Jeff Bezos e Lauren Sanchez sono arrivati a Venezia e dunque che inizino le feste. Le porte dell&#8217;hotel Aman, un resort 7 stelle lusso sul Canal Grande &#8211; in cui soggiornarono anche George Clooney e Amal Alamuddin &#8211; si sono aperte nel pomeriggio per accogliere la miliardaria coppia, giunta direttamente in elicottero all&#8217;aeroporto Marco Polo, [&hellip;]<\/p>\n","protected":false},"author":1,"featured_media":1000019439,"comment_status":"closed","ping_status":"open","sticky":false,"template":"","format":"standard","meta":{"content-type":"","_jetpack_memberships_contains_paid_content":false,"jnews-multi-image_gallery":[],"jnews_single_post":{"format":"standard"},"jnews_primary_category":[],"footnotes":"","jetpack_publicize_message":"","jetpack_publicize_feature_enabled":true,"jetpack_social_post_already_shared":true,"jetpack_social_options":{"image_generator_settings":{"template":"highway","default_image_id":0,"font":"","enabled":false},"version":2}},"categories":[255],"tags":[],"class_list":{"0":"post-1000019438","1":"post","2":"type-post","3":"status-publish","4":"format-standard","5":"has-post-thumbnail","7":"category-sociales"},"jetpack_publicize_connections":[],"jetpack_featured_media_url":"https:\/\/i0.wp.com\/gazzettinoitalianopatagonico.com\/wp-content\/uploads\/2025\/06\/sfazx.png?fit=775%2C456&ssl=1","jetpack_likes_enabled":true,"jetpack_sharing_enabled":true,"_links":{"self":[{"href":"https:\/\/gazzettinoitalianopatagonico.com\/index.php?rest_route=\/wp\/v2\/posts\/1000019438","targetHints":{"allow":["GET"]}}],"collection":[{"href":"https:\/\/gazzettinoitalianopatagonico.com\/index.php?rest_route=\/wp\/v2\/posts"}],"about":[{"href":"https:\/\/gazzettinoitalianopatagonico.com\/index.php?rest_route=\/wp\/v2\/types\/post"}],"author":[{"embeddable":true,"href":"https:\/\/gazzettinoitalianopatagonico.com\/index.php?rest_route=\/wp\/v2\/users\/1"}],"replies":[{"embeddable":true,"href":"https:\/\/gazzettinoitalianopatagonico.com\/index.php?rest_route=%2Fwp%2Fv2%2Fcomments&post=1000019438"}],"version-history":[{"count":1,"href":"https:\/\/gazzettinoitalianopatagonico.com\/index.php?rest_route=\/wp\/v2\/posts\/1000019438\/revisions"}],"predecessor-version":[{"id":1000019440,"href":"https:\/\/gazzettinoitalianopatagonico.com\/index.php?rest_route=\/wp\/v2\/posts\/1000019438\/revisions\/1000019440"}],"wp:featuredmedia":[{"embeddable":true,"href":"https:\/\/gazzettinoitalianopatagonico.com\/index.php?rest_route=\/wp\/v2\/media\/1000019439"}],"wp:attachment":[{"href":"https:\/\/gazzettinoitalianopatagonico.com\/index.php?rest_route=%2Fwp%2Fv2%2Fmedia&parent=1000019438"}],"wp:term":[{"taxonomy":"category","embeddable":true,"href":"https:\/\/gazzettinoitalianopatagonico.com\/index.php?rest_route=%2Fwp%2Fv2%2Fcategories&post=1000019438"},{"taxonomy":"post_tag","embeddable":true,"href":"https:\/\/gazzettinoitalianopatagonico.com\/index.php?rest_route=%2Fwp%2Fv2%2Ftags&post=1000019438"}],"curies":[{"name":"wp","href":"https:\/\/api.w.org\/{rel}","templated":true}]}}