{"id":1000019429,"date":"2025-06-26T21:12:37","date_gmt":"2025-06-27T00:12:37","guid":{"rendered":"https:\/\/gazzettinoitalianopatagonico.com\/?p=1000019429"},"modified":"2025-06-26T21:12:39","modified_gmt":"2025-06-27T00:12:39","slug":"cooperazione-missione-italafrica-centrale-in-congo-per-progetti-congiunti","status":"publish","type":"post","link":"https:\/\/gazzettinoitalianopatagonico.com\/?p=1000019429","title":{"rendered":"Cooperazione, missione Italafrica centrale in Congo per progetti congiunti"},"content":{"rendered":"\n<p>Si \u00e8 svolta con grande successo la missione istituzionale del presidente Alfredo Cestari, a capo della delegazione ItalAfrica Centrale, nella Repubblica Democratica del Congo. L&#8217;incontro con il ministro dell&#8217;Agricoltura, Gregoire Mutshail, ha rappresentato un momento di svolta per le relazioni economiche, istituzionali e tecnologiche tra Italia e Africa centrale. Il ministro Mutshail ha espresso parole di forte apprezzamento: \u00abSalutiamo la missione della delegazione italiana e l&#8217;impegno del presidente Cestari. Il Congo \u00e8 una terra di opportunit\u00e0, ma anche di bisogni urgenti. Speriamo che questa partnership apra una nuova pagina di cooperazione tra i nostri due Paesi\u00bb. Durante il suo intervento, il presidente Cestari ha sottolineato il valore strategico del rapporto Europa-Africa: \u00abQuello che facciamo qui \u00e8 costruire ponti concreti tra Europa e Africa, con un approccio basato sulla dignit\u00e0, lo sviluppo sostenibile e l&#8217;intelligenza artificiale. L&#8217;Africa non ha bisogno di carit\u00e0, ma di alleati sinceri, di tecnologia adeguata, di formazione e di una visione condivisa\u00bb. La missione, promossa dalla Camera di Commercio Italo-Centroafricana, ha l&#8217;obiettivo di avviare progetti congiunti nei settori dell&#8217;agricoltura sostenibile, delle infrastrutture, della formazione digitale, della sanit\u00e0 e dell&#8217;innovazione tecnologica applicata. Un patto di sviluppo condiviso, che guarda al futuro con responsabilit\u00e0, rispetto e cooperazione.<\/p>\n\n\n\n<p>Maria Anzalone<\/p>\n","protected":false},"excerpt":{"rendered":"<p>Si \u00e8 svolta con grande successo la missione istituzionale del presidente Alfredo Cestari, a capo della delegazione ItalAfrica Centrale, nella Repubblica Democratica del Congo. L&#8217;incontro con il ministro dell&#8217;Agricoltura, Gregoire Mutshail, ha rappresentato un momento di svolta per le relazioni economiche, istituzionali e tecnologiche tra Italia e Africa centrale. Il ministro Mutshail ha espresso parole [&hellip;]<\/p>\n","protected":false},"author":1,"featured_media":1000019430,"comment_status":"closed","ping_status":"open","sticky":false,"template":"","format":"standard","meta":{"content-type":"","_jetpack_memberships_contains_paid_content":false,"jnews-multi-image_gallery":[],"jnews_single_post":{"format":"standard"},"jnews_primary_category":[],"footnotes":"","jetpack_publicize_message":"","jetpack_publicize_feature_enabled":true,"jetpack_social_post_already_shared":true,"jetpack_social_options":{"image_generator_settings":{"template":"highway","default_image_id":0,"font":"","enabled":false},"version":2}},"categories":[41],"tags":[],"class_list":{"0":"post-1000019429","1":"post","2":"type-post","3":"status-publish","4":"format-standard","5":"has-post-thumbnail","7":"category-mundo"},"jetpack_publicize_connections":[],"jetpack_featured_media_url":"https:\/\/i0.wp.com\/gazzettinoitalianopatagonico.com\/wp-content\/uploads\/2025\/06\/20250626_094356_47514_00002-1024x768-1.jpg?fit=1024%2C768&ssl=1","jetpack_likes_enabled":true,"jetpack_sharing_enabled":true,"_links":{"self":[{"href":"https:\/\/gazzettinoitalianopatagonico.com\/index.php?rest_route=\/wp\/v2\/posts\/1000019429","targetHints":{"allow":["GET"]}}],"collection":[{"href":"https:\/\/gazzettinoitalianopatagonico.com\/index.php?rest_route=\/wp\/v2\/posts"}],"about":[{"href":"https:\/\/gazzettinoitalianopatagonico.com\/index.php?rest_route=\/wp\/v2\/types\/post"}],"author":[{"embeddable":true,"href":"https:\/\/gazzettinoitalianopatagonico.com\/index.php?rest_route=\/wp\/v2\/users\/1"}],"replies":[{"embeddable":true,"href":"https:\/\/gazzettinoitalianopatagonico.com\/index.php?rest_route=%2Fwp%2Fv2%2Fcomments&post=1000019429"}],"version-history":[{"count":1,"href":"https:\/\/gazzettinoitalianopatagonico.com\/index.php?rest_route=\/wp\/v2\/posts\/1000019429\/revisions"}],"predecessor-version":[{"id":1000019431,"href":"https:\/\/gazzettinoitalianopatagonico.com\/index.php?rest_route=\/wp\/v2\/posts\/1000019429\/revisions\/1000019431"}],"wp:featuredmedia":[{"embeddable":true,"href":"https:\/\/gazzettinoitalianopatagonico.com\/index.php?rest_route=\/wp\/v2\/media\/1000019430"}],"wp:attachment":[{"href":"https:\/\/gazzettinoitalianopatagonico.com\/index.php?rest_route=%2Fwp%2Fv2%2Fmedia&parent=1000019429"}],"wp:term":[{"taxonomy":"category","embeddable":true,"href":"https:\/\/gazzettinoitalianopatagonico.com\/index.php?rest_route=%2Fwp%2Fv2%2Fcategories&post=1000019429"},{"taxonomy":"post_tag","embeddable":true,"href":"https:\/\/gazzettinoitalianopatagonico.com\/index.php?rest_route=%2Fwp%2Fv2%2Ftags&post=1000019429"}],"curies":[{"name":"wp","href":"https:\/\/api.w.org\/{rel}","templated":true}]}}