{"id":1000019423,"date":"2025-06-25T15:13:20","date_gmt":"2025-06-25T18:13:20","guid":{"rendered":"https:\/\/gazzettinoitalianopatagonico.com\/?p=1000019423"},"modified":"2025-06-25T15:13:22","modified_gmt":"2025-06-25T18:13:22","slug":"la-mineria-le-gana-la-pulseada-a-la-energia-en-la-generacion-de-dolares","status":"publish","type":"post","link":"https:\/\/gazzettinoitalianopatagonico.com\/?p=1000019423","title":{"rendered":"La miner\u00eda le gana la pulseada a la energ\u00eda en la generaci\u00f3n de d\u00f3lares"},"content":{"rendered":"\n<p>En un giro novedoso en la historia econ\u00f3mica de Argentina, la miner\u00eda super\u00f3 a la energ\u00eda en la generaci\u00f3n de divisas durante abril de 2025. Mientras el sector energ\u00e9tico -usualmente la estrella en crecimiento que avanza a ritmo de Vaca Muerta-, sinti\u00f3 el impacto de la ca\u00edda de los precios internacionales del petr\u00f3leo, la miner\u00eda se benefici\u00f3 del alza en los valores del oro y la plata, inyectando US$634 millones al pa\u00eds, frente a los US$561 millones de la energ\u00eda. Este cambio, registrado en el \u00faltimo informe del balance cambiario del Banco Central, marca una pauta interesante. El aporte de la energ\u00eda en abril cay\u00f3 considerablemente respecto al promedio mensual del primer trimestre, que rondaba los US$824 millones. \u00abEl primer cuatrimestre cerr\u00f3 con un aporte neto de d\u00f3lares de la energ\u00eda de US$3000 millones, US$1700 millones m\u00e1s que durante el mismo per\u00edodo de 2024. Aun as\u00ed, el desempe\u00f1o est\u00e1 por debajo de lo esperado en este caso, pero esto en su mayor parte viene explicado por los menores precios externos\u00bb, explica un informe de consultora Outlier. Por otro lado, la miner\u00eda no solo super\u00f3 a la energ\u00eda en abril, sino que tambi\u00e9n dej\u00f3 atr\u00e1s su propio promedio mensual del primer trimestre de US$408 millones. En los primeros cuatro meses del a\u00f1o, el sector minero acumul\u00f3 exportaciones por US$1860 millones, un aumento significativo frente a los US$1075 millones del mismo per\u00edodo de 2024. La volatilidad del mercado global se hace sentir en las proyecciones. <\/p>\n\n\n\n<figure class=\"wp-block-image size-full\"><img data-recalc-dims=\"1\" fetchpriority=\"high\" decoding=\"async\" width=\"1880\" height=\"1253\" data-attachment-id=\"1000019424\" data-permalink=\"https:\/\/gazzettinoitalianopatagonico.com\/?attachment_id=1000019424\" data-orig-file=\"https:\/\/i0.wp.com\/gazzettinoitalianopatagonico.com\/wp-content\/uploads\/2025\/06\/pexels-photo-366551.jpeg?fit=1880%2C1253&amp;ssl=1\" data-orig-size=\"1880,1253\" data-comments-opened=\"0\" data-image-meta=\"{&quot;aperture&quot;:&quot;0&quot;,&quot;credit&quot;:&quot;&quot;,&quot;camera&quot;:&quot;&quot;,&quot;caption&quot;:&quot;Photo by Michael Steinberg on &lt;a href=\\&quot;https:\\\/\\\/www.pexels.com\\\/photo\\\/gold-bars-366551\\\/\\&quot; rel=\\&quot;nofollow\\&quot;&gt;Pexels.com&lt;\\\/a&gt;&quot;,&quot;created_timestamp&quot;:&quot;0&quot;,&quot;copyright&quot;:&quot;&quot;,&quot;focal_length&quot;:&quot;0&quot;,&quot;iso&quot;:&quot;0&quot;,&quot;shutter_speed&quot;:&quot;0&quot;,&quot;title&quot;:&quot;gold bars&quot;,&quot;orientation&quot;:&quot;0&quot;}\" data-image-title=\"pexels-photo-366551\" data-image-description=\"\" data-image-caption=\"&lt;p&gt;Photo by Michael Steinberg on &lt;a href=&quot;https:\/\/www.pexels.com\/photo\/gold-bars-366551\/&quot; rel=&quot;nofollow&quot;&gt;Pexels.com&lt;\/a&gt;&lt;\/p&gt;\n\" data-medium-file=\"https:\/\/i0.wp.com\/gazzettinoitalianopatagonico.com\/wp-content\/uploads\/2025\/06\/pexels-photo-366551.jpeg?fit=300%2C200&amp;ssl=1\" data-large-file=\"https:\/\/i0.wp.com\/gazzettinoitalianopatagonico.com\/wp-content\/uploads\/2025\/06\/pexels-photo-366551.jpeg?fit=1024%2C682&amp;ssl=1\" src=\"https:\/\/i0.wp.com\/gazzettinoitalianopatagonico.com\/wp-content\/uploads\/2025\/06\/pexels-photo-366551.jpeg?resize=1880%2C1253&#038;ssl=1\" alt=\"gold bars\" class=\"wp-image-1000019424\" srcset=\"https:\/\/i0.wp.com\/gazzettinoitalianopatagonico.com\/wp-content\/uploads\/2025\/06\/pexels-photo-366551.jpeg?w=1880&amp;ssl=1 1880w, https:\/\/i0.wp.com\/gazzettinoitalianopatagonico.com\/wp-content\/uploads\/2025\/06\/pexels-photo-366551.jpeg?resize=300%2C200&amp;ssl=1 300w, https:\/\/i0.wp.com\/gazzettinoitalianopatagonico.com\/wp-content\/uploads\/2025\/06\/pexels-photo-366551.jpeg?resize=1024%2C682&amp;ssl=1 1024w, https:\/\/i0.wp.com\/gazzettinoitalianopatagonico.com\/wp-content\/uploads\/2025\/06\/pexels-photo-366551.jpeg?resize=768%2C512&amp;ssl=1 768w, https:\/\/i0.wp.com\/gazzettinoitalianopatagonico.com\/wp-content\/uploads\/2025\/06\/pexels-photo-366551.jpeg?resize=1536%2C1024&amp;ssl=1 1536w, https:\/\/i0.wp.com\/gazzettinoitalianopatagonico.com\/wp-content\/uploads\/2025\/06\/pexels-photo-366551.jpeg?resize=750%2C500&amp;ssl=1 750w, https:\/\/i0.wp.com\/gazzettinoitalianopatagonico.com\/wp-content\/uploads\/2025\/06\/pexels-photo-366551.jpeg?resize=1140%2C760&amp;ssl=1 1140w\" sizes=\"(max-width: 1000px) 100vw, 1000px\" \/><figcaption class=\"wp-element-caption\">Photo by Michael Steinberg on <a href=\"https:\/\/www.pexels.com\/photo\/gold-bars-366551\/\" rel=\"nofollow\">Pexels.com<\/a><\/figcaption><\/figure>\n\n\n\n<p>Daniel Montamat, exsecretario de Energ\u00eda, se\u00f1al\u00f3 que la ca\u00edda de los precios del crudo est\u00e1 incidiendo en una correcci\u00f3n a la baja del super\u00e1vit comercial energ\u00e9tico para 2025, estim\u00e1ndose ahora entre US$7000 y US$7500 millones, por debajo de los US$8500 o US$9000 millones proyectados inicialmente. \u00abMientras se ajusta el super\u00e1vit energ\u00e9tico, la miner\u00eda est\u00e1 superando las previsiones de exportaci\u00f3n. Ambos sectores son fundamentales para compensar el d\u00e9ficit de cuenta corriente de este a\u00f1o\u00bb, agreg\u00f3 Montamat en declaraciones a Radio Mitre. Seg\u00fan datos de la Bolsa de Comercio de Rosario, si bien las inversiones a mediano plazo est\u00e1n enfocadas en el cobre y el litio, el 80% de las exportaciones mineras argentinas actuales corresponden al oro y la plata. La incertidumbre global dispar\u00f3 el precio del oro como activo de refugio, llevando las exportaciones de oro y plata de US$772 millones en el primer cuatrimestre de 2024 a US$1192 millones en el mismo per\u00edodo de 2025, un incremento del 54%. En contraste, el carbonato de litio, a pesar de una fuerte baja en sus precios internacionales, vio un aumento del 41% en sus exportaciones en el primer cuatrimestre, alcanzando los US$262 millones. Este crecimiento se explica por un aumento del 62% en las cantidades exportadas, compensando la ca\u00edda del 13% en los precios. Desde la C\u00e1mara Argentina de Empresas Mineras (CAEM), afirman que el balance cambiario positivo de la miner\u00eda no es una novedad. \u00abDesde la d\u00e9cada del 90 a la actualidad, el sector ha aportado sistem\u00e1ticamente todos los meses m\u00e1s divisos al pa\u00eds de las que ha necesitado para importaciones y para pago de dividendos\u00bb, afirman, resaltando adem\u00e1s las significativas inversiones directas que el sector est\u00e1 realizando en proyectos de litio y cobre.<\/p>\n\n\n\n<p>Miguel Herrera<\/p>\n","protected":false},"excerpt":{"rendered":"<p>En un giro novedoso en la historia econ\u00f3mica de Argentina, la miner\u00eda super\u00f3 a la energ\u00eda en la generaci\u00f3n de divisas durante abril de 2025. Mientras el sector energ\u00e9tico -usualmente la estrella en crecimiento que avanza a ritmo de Vaca Muerta-, sinti\u00f3 el impacto de la ca\u00edda de los precios internacionales del petr\u00f3leo, la miner\u00eda [&hellip;]<\/p>\n","protected":false},"author":1,"featured_media":1000019424,"comment_status":"closed","ping_status":"open","sticky":false,"template":"","format":"standard","meta":{"content-type":"","_jetpack_memberships_contains_paid_content":false,"jnews-multi-image_gallery":[],"jnews_single_post":{"format":"standard"},"jnews_primary_category":[],"footnotes":"","jetpack_publicize_message":"","jetpack_publicize_feature_enabled":true,"jetpack_social_post_already_shared":true,"jetpack_social_options":{"image_generator_settings":{"template":"highway","default_image_id":0,"font":"","enabled":false},"version":2}},"categories":[270],"tags":[268],"class_list":{"0":"post-1000019423","1":"post","2":"type-post","3":"status-publish","4":"format-standard","5":"has-post-thumbnail","7":"category-america-latina","8":"tag-america-latina"},"jetpack_publicize_connections":[],"jetpack_featured_media_url":"https:\/\/i0.wp.com\/gazzettinoitalianopatagonico.com\/wp-content\/uploads\/2025\/06\/pexels-photo-366551.jpeg?fit=1880%2C1253&ssl=1","jetpack_likes_enabled":true,"jetpack_sharing_enabled":true,"_links":{"self":[{"href":"https:\/\/gazzettinoitalianopatagonico.com\/index.php?rest_route=\/wp\/v2\/posts\/1000019423","targetHints":{"allow":["GET"]}}],"collection":[{"href":"https:\/\/gazzettinoitalianopatagonico.com\/index.php?rest_route=\/wp\/v2\/posts"}],"about":[{"href":"https:\/\/gazzettinoitalianopatagonico.com\/index.php?rest_route=\/wp\/v2\/types\/post"}],"author":[{"embeddable":true,"href":"https:\/\/gazzettinoitalianopatagonico.com\/index.php?rest_route=\/wp\/v2\/users\/1"}],"replies":[{"embeddable":true,"href":"https:\/\/gazzettinoitalianopatagonico.com\/index.php?rest_route=%2Fwp%2Fv2%2Fcomments&post=1000019423"}],"version-history":[{"count":1,"href":"https:\/\/gazzettinoitalianopatagonico.com\/index.php?rest_route=\/wp\/v2\/posts\/1000019423\/revisions"}],"predecessor-version":[{"id":1000019425,"href":"https:\/\/gazzettinoitalianopatagonico.com\/index.php?rest_route=\/wp\/v2\/posts\/1000019423\/revisions\/1000019425"}],"wp:featuredmedia":[{"embeddable":true,"href":"https:\/\/gazzettinoitalianopatagonico.com\/index.php?rest_route=\/wp\/v2\/media\/1000019424"}],"wp:attachment":[{"href":"https:\/\/gazzettinoitalianopatagonico.com\/index.php?rest_route=%2Fwp%2Fv2%2Fmedia&parent=1000019423"}],"wp:term":[{"taxonomy":"category","embeddable":true,"href":"https:\/\/gazzettinoitalianopatagonico.com\/index.php?rest_route=%2Fwp%2Fv2%2Fcategories&post=1000019423"},{"taxonomy":"post_tag","embeddable":true,"href":"https:\/\/gazzettinoitalianopatagonico.com\/index.php?rest_route=%2Fwp%2Fv2%2Ftags&post=1000019423"}],"curies":[{"name":"wp","href":"https:\/\/api.w.org\/{rel}","templated":true}]}}