{"id":1000019402,"date":"2025-06-24T18:20:10","date_gmt":"2025-06-24T21:20:10","guid":{"rendered":"https:\/\/gazzettinoitalianopatagonico.com\/?p=1000019402"},"modified":"2025-06-24T18:20:12","modified_gmt":"2025-06-24T21:20:12","slug":"arriva-lassistente-infermiere-anche-per-aiutare-nellassistenza-a-malati-cronici-e-disabili","status":"publish","type":"post","link":"https:\/\/gazzettinoitalianopatagonico.com\/?p=1000019402","title":{"rendered":"Arriva l&#8217;assistente infermiere, anche per aiutare nell&#8217;assistenza a malati cronici e disabili"},"content":{"rendered":"\n<p>Un passo avanti verso l&#8217;inserimento nel servizio sanitario della nuova figura dell&#8217;assistente infermiere. In Gazzetta ufficiale \u00e8 stato infatti pubblicato il decreto del Presidente del Consiglio dei Ministri che recepisce l&#8217;Accordo Stato-Regioni che a ottobre dello scorso anno istituiva il nuovo profilo professionale. L&#8217;assistente infermiere sar\u00e0 a tutti gli effetti un operatore sanitario: le sue attivit\u00e0, si legge nel decreto, \u00absono rivolte alla persona e sono finalizzate a soddisfare bisogni assistenziali di persone adulte con problemi di salute prevalentemente cronici, acuti in situazione di stabilit\u00e0 clinica, disabilit\u00e0, disturbi di salute mentale, dipendenza patologica, in tutte le fasi della vita, compresa la terminalit\u00e0\u00bb. Svolger\u00e0 le \u00abproprie attivit\u00e0 secondo le indicazioni dell&#8217;infermiere e in collaborazione e integrazione con gli altri operatori\u00bb.<\/p>\n","protected":false},"excerpt":{"rendered":"<p>Un passo avanti verso l&#8217;inserimento nel servizio sanitario della nuova figura dell&#8217;assistente infermiere. In Gazzetta ufficiale \u00e8 stato infatti pubblicato il decreto del Presidente del Consiglio dei Ministri che recepisce l&#8217;Accordo Stato-Regioni che a ottobre dello scorso anno istituiva il nuovo profilo professionale. L&#8217;assistente infermiere sar\u00e0 a tutti gli effetti un operatore sanitario: le sue [&hellip;]<\/p>\n","protected":false},"author":1,"featured_media":1000019403,"comment_status":"closed","ping_status":"open","sticky":false,"template":"","format":"standard","meta":{"content-type":"","_jetpack_memberships_contains_paid_content":false,"jnews-multi-image_gallery":[],"jnews_single_post":{"format":"standard"},"jnews_primary_category":[],"footnotes":"","jetpack_publicize_message":"","jetpack_publicize_feature_enabled":true,"jetpack_social_post_already_shared":true,"jetpack_social_options":{"image_generator_settings":{"template":"highway","default_image_id":0,"font":"","enabled":false},"version":2}},"categories":[43],"tags":[],"class_list":{"0":"post-1000019402","1":"post","2":"type-post","3":"status-publish","4":"format-standard","5":"has-post-thumbnail","7":"category-salud"},"jetpack_publicize_connections":[],"jetpack_featured_media_url":"https:\/\/i0.wp.com\/gazzettinoitalianopatagonico.com\/wp-content\/uploads\/2025\/06\/efghjk.png?fit=696%2C465&ssl=1","jetpack_likes_enabled":true,"jetpack_sharing_enabled":true,"_links":{"self":[{"href":"https:\/\/gazzettinoitalianopatagonico.com\/index.php?rest_route=\/wp\/v2\/posts\/1000019402","targetHints":{"allow":["GET"]}}],"collection":[{"href":"https:\/\/gazzettinoitalianopatagonico.com\/index.php?rest_route=\/wp\/v2\/posts"}],"about":[{"href":"https:\/\/gazzettinoitalianopatagonico.com\/index.php?rest_route=\/wp\/v2\/types\/post"}],"author":[{"embeddable":true,"href":"https:\/\/gazzettinoitalianopatagonico.com\/index.php?rest_route=\/wp\/v2\/users\/1"}],"replies":[{"embeddable":true,"href":"https:\/\/gazzettinoitalianopatagonico.com\/index.php?rest_route=%2Fwp%2Fv2%2Fcomments&post=1000019402"}],"version-history":[{"count":1,"href":"https:\/\/gazzettinoitalianopatagonico.com\/index.php?rest_route=\/wp\/v2\/posts\/1000019402\/revisions"}],"predecessor-version":[{"id":1000019404,"href":"https:\/\/gazzettinoitalianopatagonico.com\/index.php?rest_route=\/wp\/v2\/posts\/1000019402\/revisions\/1000019404"}],"wp:featuredmedia":[{"embeddable":true,"href":"https:\/\/gazzettinoitalianopatagonico.com\/index.php?rest_route=\/wp\/v2\/media\/1000019403"}],"wp:attachment":[{"href":"https:\/\/gazzettinoitalianopatagonico.com\/index.php?rest_route=%2Fwp%2Fv2%2Fmedia&parent=1000019402"}],"wp:term":[{"taxonomy":"category","embeddable":true,"href":"https:\/\/gazzettinoitalianopatagonico.com\/index.php?rest_route=%2Fwp%2Fv2%2Fcategories&post=1000019402"},{"taxonomy":"post_tag","embeddable":true,"href":"https:\/\/gazzettinoitalianopatagonico.com\/index.php?rest_route=%2Fwp%2Fv2%2Ftags&post=1000019402"}],"curies":[{"name":"wp","href":"https:\/\/api.w.org\/{rel}","templated":true}]}}