{"id":1000019399,"date":"2025-06-24T18:19:27","date_gmt":"2025-06-24T21:19:27","guid":{"rendered":"https:\/\/gazzettinoitalianopatagonico.com\/?p=1000019399"},"modified":"2025-06-24T18:19:27","modified_gmt":"2025-06-24T21:19:27","slug":"riunione-tra-macron-starmer-e-merz-prima-del-summit-meloni-un-errore-una-difesa-ue-parallela","status":"publish","type":"post","link":"https:\/\/gazzettinoitalianopatagonico.com\/?p=1000019399","title":{"rendered":"Riunione tra Macron, Starmer e Merz prima del summit. Meloni: \u00abUn errore una difesa Ue parallela\u00bb"},"content":{"rendered":"\n<p>\u00abSulla difesa europea lei diceva senatore Delrio che serve una difesa europea e non dei singoli Stati solo che il sistema di difesa occidentale \u00e8 basato sulla Nato e non c&#8217;\u00e8 un esercito Nato ma eserciti nazionali\u00bb che collaborano e \u00abio voglio una colonna europea della Nato, ma penso che sarebbe un errore una difesa europea parallela alla Nato, sarebbe una inutile duplicazione. Poi bisogna collaborare di pi\u00f9 a livello europeo e su questo sono d&#8217;accordo\u00bb. Cos\u00ec la presidente del Consiglio Giorgia Meloni, in replica dopo il dibattito sulle comunicazioni in vista del Consiglio europeo al Senato.<\/p>\n\n\n\n<p>Riunione tra Macron, Starmer e Merz prima del summit Nato<\/p>\n\n\n\n<p>&nbsp;Il presidente francese Emmanuel Macron, il premier britannico Keir Starmer e il cancelliere tedesco Fredrich Merz avranno una riunione a L&#8217;Aja prima dell&#8217;apertura del summit della Nato.<\/p>\n\n\n\n<p>Lo ha reso noto l&#8217;Eliseo.<\/p>\n\n\n\n<p>Francia, Gran Bretagna e Germania formano il cosiddetto formato E3, protagonista per il fronte europeo dei round negoziali con l&#8217;Iran e sulle crisi mediorientali.<\/p>\n\n\n\n<p>Zelensky, incontrer\u00f2 Trump a margine del vertice Nato<\/p>\n\n\n\n<p>&nbsp;Il presidente ucraino Volodymyr Zelensky ha in programma di incontrare Donald Trump a margine del vertice Nato, oggi e domani all&#8217;Aia nei Paesi Bassi. Lo riporta Sky News .<\/p>\n\n\n\n<p>\u00abS\u00ec, sto pianificando. Non so come sar\u00e0, te lo dir\u00f2 francamente. Le squadre stanno lavorando, s\u00ec, ma ci incontreremo\u00bb, ha detto il presidente ucraino.<\/p>\n","protected":false},"excerpt":{"rendered":"<p>\u00abSulla difesa europea lei diceva senatore Delrio che serve una difesa europea e non dei singoli Stati solo che il sistema di difesa occidentale \u00e8 basato sulla Nato e non c&#8217;\u00e8 un esercito Nato ma eserciti nazionali\u00bb che collaborano e \u00abio voglio una colonna europea della Nato, ma penso che sarebbe un errore una difesa [&hellip;]<\/p>\n","protected":false},"author":1,"featured_media":1000019400,"comment_status":"closed","ping_status":"open","sticky":false,"template":"","format":"standard","meta":{"content-type":"","_jetpack_memberships_contains_paid_content":false,"jnews-multi-image_gallery":[],"jnews_single_post":{"format":"standard"},"jnews_primary_category":[],"footnotes":"","jetpack_publicize_message":"","jetpack_publicize_feature_enabled":true,"jetpack_social_post_already_shared":true,"jetpack_social_options":{"image_generator_settings":{"template":"highway","default_image_id":0,"font":"","enabled":false},"version":2}},"categories":[32],"tags":[],"class_list":{"0":"post-1000019399","1":"post","2":"type-post","3":"status-publish","4":"format-standard","5":"has-post-thumbnail","7":"category-politica"},"jetpack_publicize_connections":[],"jetpack_featured_media_url":"https:\/\/i0.wp.com\/gazzettinoitalianopatagonico.com\/wp-content\/uploads\/2025\/06\/gjllo.png?fit=696%2C354&ssl=1","jetpack_likes_enabled":true,"jetpack_sharing_enabled":true,"_links":{"self":[{"href":"https:\/\/gazzettinoitalianopatagonico.com\/index.php?rest_route=\/wp\/v2\/posts\/1000019399","targetHints":{"allow":["GET"]}}],"collection":[{"href":"https:\/\/gazzettinoitalianopatagonico.com\/index.php?rest_route=\/wp\/v2\/posts"}],"about":[{"href":"https:\/\/gazzettinoitalianopatagonico.com\/index.php?rest_route=\/wp\/v2\/types\/post"}],"author":[{"embeddable":true,"href":"https:\/\/gazzettinoitalianopatagonico.com\/index.php?rest_route=\/wp\/v2\/users\/1"}],"replies":[{"embeddable":true,"href":"https:\/\/gazzettinoitalianopatagonico.com\/index.php?rest_route=%2Fwp%2Fv2%2Fcomments&post=1000019399"}],"version-history":[{"count":1,"href":"https:\/\/gazzettinoitalianopatagonico.com\/index.php?rest_route=\/wp\/v2\/posts\/1000019399\/revisions"}],"predecessor-version":[{"id":1000019401,"href":"https:\/\/gazzettinoitalianopatagonico.com\/index.php?rest_route=\/wp\/v2\/posts\/1000019399\/revisions\/1000019401"}],"wp:featuredmedia":[{"embeddable":true,"href":"https:\/\/gazzettinoitalianopatagonico.com\/index.php?rest_route=\/wp\/v2\/media\/1000019400"}],"wp:attachment":[{"href":"https:\/\/gazzettinoitalianopatagonico.com\/index.php?rest_route=%2Fwp%2Fv2%2Fmedia&parent=1000019399"}],"wp:term":[{"taxonomy":"category","embeddable":true,"href":"https:\/\/gazzettinoitalianopatagonico.com\/index.php?rest_route=%2Fwp%2Fv2%2Fcategories&post=1000019399"},{"taxonomy":"post_tag","embeddable":true,"href":"https:\/\/gazzettinoitalianopatagonico.com\/index.php?rest_route=%2Fwp%2Fv2%2Ftags&post=1000019399"}],"curies":[{"name":"wp","href":"https:\/\/api.w.org\/{rel}","templated":true}]}}