{"id":1000019388,"date":"2025-06-24T18:16:27","date_gmt":"2025-06-24T21:16:27","guid":{"rendered":"https:\/\/gazzettinoitalianopatagonico.com\/?p=1000019388"},"modified":"2025-06-24T18:16:29","modified_gmt":"2025-06-24T21:16:29","slug":"la-prima-eclissi-solare-artificiale-nello-spazio-apre-una-nuova-era-dellosservazione-del-sole","status":"publish","type":"post","link":"https:\/\/gazzettinoitalianopatagonico.com\/?p=1000019388","title":{"rendered":"La prima eclissi solare artificiale nello Spazio apre una nuova era dell\u2019osservazione del Sole"},"content":{"rendered":"\n<p><\/p>\n\n\n\n<figure class=\"wp-block-image size-full\"><img data-recalc-dims=\"1\" fetchpriority=\"high\" decoding=\"async\" width=\"709\" height=\"472\" data-attachment-id=\"1000019389\" data-permalink=\"https:\/\/gazzettinoitalianopatagonico.com\/?attachment_id=1000019389\" data-orig-file=\"https:\/\/i0.wp.com\/gazzettinoitalianopatagonico.com\/wp-content\/uploads\/2025\/06\/image-3.jpeg?fit=709%2C472&amp;ssl=1\" data-orig-size=\"709,472\" data-comments-opened=\"0\" data-image-meta=\"{&quot;aperture&quot;:&quot;0&quot;,&quot;credit&quot;:&quot;&quot;,&quot;camera&quot;:&quot;&quot;,&quot;caption&quot;:&quot;&quot;,&quot;created_timestamp&quot;:&quot;0&quot;,&quot;copyright&quot;:&quot;&quot;,&quot;focal_length&quot;:&quot;0&quot;,&quot;iso&quot;:&quot;0&quot;,&quot;shutter_speed&quot;:&quot;0&quot;,&quot;title&quot;:&quot;&quot;,&quot;orientation&quot;:&quot;0&quot;}\" data-image-title=\"image\" data-image-description=\"\" data-image-caption=\"\" data-medium-file=\"https:\/\/i0.wp.com\/gazzettinoitalianopatagonico.com\/wp-content\/uploads\/2025\/06\/image-3.jpeg?fit=300%2C200&amp;ssl=1\" data-large-file=\"https:\/\/i0.wp.com\/gazzettinoitalianopatagonico.com\/wp-content\/uploads\/2025\/06\/image-3.jpeg?fit=709%2C472&amp;ssl=1\" src=\"https:\/\/i0.wp.com\/gazzettinoitalianopatagonico.com\/wp-content\/uploads\/2025\/06\/image-3.jpeg?resize=709%2C472&#038;ssl=1\" alt=\"\" class=\"wp-image-1000019389\" srcset=\"https:\/\/i0.wp.com\/gazzettinoitalianopatagonico.com\/wp-content\/uploads\/2025\/06\/image-3.jpeg?w=709&amp;ssl=1 709w, https:\/\/i0.wp.com\/gazzettinoitalianopatagonico.com\/wp-content\/uploads\/2025\/06\/image-3.jpeg?resize=300%2C200&amp;ssl=1 300w\" sizes=\"(max-width: 709px) 100vw, 709px\" \/><\/figure>\n\n\n\n<p>A marzo 2025, l&#8217;Agenzia Spaziale Europea (ESA) ha segnato una tappa rivoluzionaria nella storia dell&#8217;ingegneria spaziale con la missione Proba-3, riuscendo in un&#8217;impresa mai tentata prima: due veicoli spaziali, il Coronagraph e l&#8217;Occulter, hanno volato in formazione a soli 150 metri di distanza l&#8217;uno dall&#8217;altro, mantenendo una precisione millimetrica per diverse ore, e tutto senza il controllo diretto da Terra. E questo ha permesso di ottenere un&#8217;eclissi artificiale del Sole di grande interesse scientifico. Solo ora per\u00f2, sono state divulgate le prime immagini.<a href=\"https:\/\/www.focus.it\/scienza\/spazio\/la-prima-eclissi-solare-artificiale-nello-spazio-apre-una-nuova-era-dell-osservazione-del-sole\/?modal-open=359635&amp;slide-open=zoom\"><\/a><\/p>\n\n\n\n<figure class=\"wp-block-image size-full\"><img data-recalc-dims=\"1\" decoding=\"async\" width=\"709\" height=\"366\" data-attachment-id=\"1000019390\" data-permalink=\"https:\/\/gazzettinoitalianopatagonico.com\/?attachment_id=1000019390\" data-orig-file=\"https:\/\/i0.wp.com\/gazzettinoitalianopatagonico.com\/wp-content\/uploads\/2025\/06\/image-4.jpeg?fit=709%2C366&amp;ssl=1\" data-orig-size=\"709,366\" data-comments-opened=\"0\" data-image-meta=\"{&quot;aperture&quot;:&quot;0&quot;,&quot;credit&quot;:&quot;&quot;,&quot;camera&quot;:&quot;&quot;,&quot;caption&quot;:&quot;&quot;,&quot;created_timestamp&quot;:&quot;0&quot;,&quot;copyright&quot;:&quot;&quot;,&quot;focal_length&quot;:&quot;0&quot;,&quot;iso&quot;:&quot;0&quot;,&quot;shutter_speed&quot;:&quot;0&quot;,&quot;title&quot;:&quot;&quot;,&quot;orientation&quot;:&quot;0&quot;}\" data-image-title=\"image\" data-image-description=\"\" data-image-caption=\"\" data-medium-file=\"https:\/\/i0.wp.com\/gazzettinoitalianopatagonico.com\/wp-content\/uploads\/2025\/06\/image-4.jpeg?fit=300%2C155&amp;ssl=1\" data-large-file=\"https:\/\/i0.wp.com\/gazzettinoitalianopatagonico.com\/wp-content\/uploads\/2025\/06\/image-4.jpeg?fit=709%2C366&amp;ssl=1\" src=\"https:\/\/i0.wp.com\/gazzettinoitalianopatagonico.com\/wp-content\/uploads\/2025\/06\/image-4.jpeg?resize=709%2C366&#038;ssl=1\" alt=\"\" class=\"wp-image-1000019390\" srcset=\"https:\/\/i0.wp.com\/gazzettinoitalianopatagonico.com\/wp-content\/uploads\/2025\/06\/image-4.jpeg?w=709&amp;ssl=1 709w, https:\/\/i0.wp.com\/gazzettinoitalianopatagonico.com\/wp-content\/uploads\/2025\/06\/image-4.jpeg?resize=300%2C155&amp;ssl=1 300w\" sizes=\"(max-width: 709px) 100vw, 709px\" \/><\/figure>\n\n\n\n<p><a href=\"https:\/\/www.focus.it\/scienza\/spazio\/la-prima-eclissi-solare-artificiale-nello-spazio-apre-una-nuova-era-dell-osservazione-del-sole\/?modal-open=359635&amp;slide-open=zoom\"><\/a><\/p>\n\n\n\n<p>Questa \u00e8 un&#8217;immagine del Sole durante un&#8217;eclissi solare artificiale. Il corpo luminoso del Sole \u00e8 coperto da un disco nero da cui si estendono raggi verde chiaro in tutte le direzioni. Una luce verde pi\u00f9 brillante fa capolino da dietro il bordo del disco nero, sfumando lentamente verso i bordi esterni dell&#8217;immagine. \u00a9 Esa L&#8217;eclissi solare artificiale. Una volta allineati, i due satelliti danno vita a un&#8217;operazione senza precedenti: creano eclissi solari artificiali nello spazio. Il satellite Occulter porta a bordo un disco di occultamento largo 1,4 metri che, allineandosi con il Sole, oscura il suo disco luminoso per il Coronagraph, proiettando su di esso un&#8217;ombra di appena 8 centimetri. In quell&#8217;istante, lo strumento ottico ASPIICS (Association of Spacecraft for Polarimetric and Imaging Investigation of the Corona of the Sun), montato sul Coronagraph, pu\u00f2 osservare la corona solare con un dettaglio mai raggiunto prima, privo del bagliore solare che normalmente ne impedisce la visione. Sviluppato da un consorzio guidato dal Centre Spatial de Li\u00e8ge in Belgio, ASPIICS dispone di un&#8217;apertura di soli 5 cm, ma grazie all&#8217;innovativa configurazione duale dei satelliti riesce a ottenere immagini paragonabili a quelle di un&#8217;eclissi totale naturale. Con un vantaggio notevole: mentre le eclissi naturali si verificano solo una volta all&#8217;anno e durano pochi minuti, Proba-3 \u00e8 in grado di generare un&#8217;eclissi ogni 19,6 ore e mantenerla fino a sei ore. Svelati i segreti del Sole. L&#8217;osservazione della corona solare \u00e8 fondamentale per comprendere fenomeni come il vento solare e le espulsioni di massa coronale (CME), esplosioni di particelle che il Sole emette quasi quotidianamente e che, nei periodi di massima attivit\u00e0, possono avere effetti significativi sulla Terra. Per esempio come quando nel maggio 2024 una potente CME ha compromesso comunicazioni, sistemi GPS e reti elettriche in diverse parti del mondo. L&#8217;ASPIICS di Proba-3 riesce a osservare la corona vicino alla superficie solare, grazie a una drastica riduzione della luce dispersa. Per capire come funziona il Sole, oltre ad ASPIICS, Proba-3 \u00e8 equipaggiata con altri due strumenti scientifici:<\/p>\n\n\n\n<ul class=\"wp-block-list\">\n<li><strong>DARA<\/strong>\u00a0(Digital Absolute Radiometer) misura la irradianza solare totale, ovvero la quantit\u00e0 di energia emessa dal Sole in ogni istante.<\/li>\n\n\n\n<li><strong>3DEES<\/strong>\u00a0(3D Energetic Electron Spectrometer) rileva gli elettroni nelle fasce di radiazione terrestre, misurando le loro direzioni e livelli energetici.<\/li>\n<\/ul>\n\n\n\n<p>Le immagini di ASPIICS vengono processate dal Centro Operativo Scientifico (SOC) ospitato presso l&#8217;Osservatorio Reale del Belgio, dove il team guidato da Andrei Zhukov, Principal Investigator di ASPIICS, elabora le osservazioni e invia i comandi operativi al coronografo. \u00abOgni immagine \u00e8 composta da tre esposizioni diverse, combinate per ottenere una visione completa della corona\u00bb, spiega Zhukov. \u00abIl fatto che queste immagini siano paragonabili a quelle delle eclissi naturali, ma molto pi\u00f9 frequenti e prolungate, rappresenta un enorme&nbsp;<strong>balzo avanti per l&#8217;astrofisica solare<\/strong>\u00bb.<a href=\"https:\/\/www.focus.it\/scienza\/spazio\/la-prima-eclissi-solare-artificiale-nello-spazio-apre-una-nuova-era-dell-osservazione-del-sole\/?modal-open=359650&amp;slide-open=zoom\"><\/a><\/p>\n\n\n\n<figure class=\"wp-block-image size-full\"><img data-recalc-dims=\"1\" decoding=\"async\" width=\"709\" height=\"383\" data-attachment-id=\"1000019391\" data-permalink=\"https:\/\/gazzettinoitalianopatagonico.com\/?attachment_id=1000019391\" data-orig-file=\"https:\/\/i0.wp.com\/gazzettinoitalianopatagonico.com\/wp-content\/uploads\/2025\/06\/image-5.jpeg?fit=709%2C383&amp;ssl=1\" data-orig-size=\"709,383\" data-comments-opened=\"0\" data-image-meta=\"{&quot;aperture&quot;:&quot;0&quot;,&quot;credit&quot;:&quot;&quot;,&quot;camera&quot;:&quot;&quot;,&quot;caption&quot;:&quot;&quot;,&quot;created_timestamp&quot;:&quot;0&quot;,&quot;copyright&quot;:&quot;&quot;,&quot;focal_length&quot;:&quot;0&quot;,&quot;iso&quot;:&quot;0&quot;,&quot;shutter_speed&quot;:&quot;0&quot;,&quot;title&quot;:&quot;&quot;,&quot;orientation&quot;:&quot;0&quot;}\" data-image-title=\"image\" data-image-description=\"\" data-image-caption=\"\" data-medium-file=\"https:\/\/i0.wp.com\/gazzettinoitalianopatagonico.com\/wp-content\/uploads\/2025\/06\/image-5.jpeg?fit=300%2C162&amp;ssl=1\" data-large-file=\"https:\/\/i0.wp.com\/gazzettinoitalianopatagonico.com\/wp-content\/uploads\/2025\/06\/image-5.jpeg?fit=709%2C383&amp;ssl=1\" src=\"https:\/\/i0.wp.com\/gazzettinoitalianopatagonico.com\/wp-content\/uploads\/2025\/06\/image-5.jpeg?resize=709%2C383&#038;ssl=1\" alt=\"\" class=\"wp-image-1000019391\" srcset=\"https:\/\/i0.wp.com\/gazzettinoitalianopatagonico.com\/wp-content\/uploads\/2025\/06\/image-5.jpeg?w=709&amp;ssl=1 709w, https:\/\/i0.wp.com\/gazzettinoitalianopatagonico.com\/wp-content\/uploads\/2025\/06\/image-5.jpeg?resize=300%2C162&amp;ssl=1 300w\" sizes=\"(max-width: 709px) 100vw, 709px\" \/><\/figure>\n\n\n\n<p><a href=\"https:\/\/www.focus.it\/scienza\/spazio\/la-prima-eclissi-solare-artificiale-nello-spazio-apre-una-nuova-era-dell-osservazione-del-sole\/?modal-open=359650&amp;slide-open=zoom\"><\/a><\/p>\n\n\n\n<p>Questa \u00e8 un&#8217;immagine del Sole composta da tre diverse immagini concentriche. Al centro c&#8217;\u00e8 un disco giallo, il corpo luminoso del Sole. Attorno ad esso, nella seconda immagine concentrica, dei viticci verde chiaro simili a capelli si estendono dal bordo del Sole in tutte le direzioni. Nella terza parte, la pi\u00f9 esterna dell&#8217;immagine, dei raggi rosso vivo si estendono ulteriormente dai viticci verdi verso i bordi dell&#8217;immagine. Interpretando questi fenomeni \u00e8 possibile conoscere molto meglio il comportamento della nostra stella. \u00a9 Esa Il flight control team supervisiona attualmente il volo in formazione, ma la missione punta alla completa autonomia operativa, eliminando anche la necessit\u00e0 del monitoraggio da Terra. \u00abIl nostro unico compito ora \u00e8 raggiungere la piena autonomia rispetto al monitoraggio di routine da Terra\u00bb, ha affermato Damien Galano, responsabile della missione. In collaborazione con l&#8217;universit\u00e0 belga KU Leuven, l&#8217;ESA sta utilizzando il software COCONUT, integrato nel Centro di Modellistica Meteorologica Spaziale Virtuale (VSWMC), per simulare e confrontare le osservazioni reali della corona. \u00abProba-3 \u00e8 l&#8217;unico strumento in grado di osservare la corona in modo cos\u00ec chiaro, cosa che finora era possibile solo durante le eclissi naturali\u00bb, afferma Jorge Amaya, coordinatore ESA per la modellistica spaziale. Le simulazioni, combinate con altri modelli fisici, aiutano a comprendere meglio i fenomeni che collegano Sole e Terra, migliorando le previsioni meteorologiche spaziali e la preparazione delle infrastrutture terrestri agli eventi solari estremi.<\/p>\n\n\n\n<p>Luigi Bignami<\/p>\n","protected":false},"excerpt":{"rendered":"<p>A marzo 2025, l&#8217;Agenzia Spaziale Europea (ESA) ha segnato una tappa rivoluzionaria nella storia dell&#8217;ingegneria spaziale con la missione Proba-3, riuscendo in un&#8217;impresa mai tentata prima: due veicoli spaziali, il Coronagraph e l&#8217;Occulter, hanno volato in formazione a soli 150 metri di distanza l&#8217;uno dall&#8217;altro, mantenendo una precisione millimetrica per diverse ore, e tutto senza [&hellip;]<\/p>\n","protected":false},"author":1,"featured_media":1000019389,"comment_status":"closed","ping_status":"open","sticky":false,"template":"","format":"standard","meta":{"content-type":"","_jetpack_memberships_contains_paid_content":false,"jnews-multi-image_gallery":[],"jnews_single_post":{"format":"standard"},"jnews_primary_category":[],"footnotes":"","jetpack_publicize_message":"","jetpack_publicize_feature_enabled":true,"jetpack_social_post_already_shared":true,"jetpack_social_options":{"image_generator_settings":{"template":"highway","default_image_id":0,"font":"","enabled":false},"version":2}},"categories":[283],"tags":[],"class_list":{"0":"post-1000019388","1":"post","2":"type-post","3":"status-publish","4":"format-standard","5":"has-post-thumbnail","7":"category-ciencia"},"jetpack_publicize_connections":[],"jetpack_featured_media_url":"https:\/\/i0.wp.com\/gazzettinoitalianopatagonico.com\/wp-content\/uploads\/2025\/06\/image-3.jpeg?fit=709%2C472&ssl=1","jetpack_likes_enabled":true,"jetpack_sharing_enabled":true,"_links":{"self":[{"href":"https:\/\/gazzettinoitalianopatagonico.com\/index.php?rest_route=\/wp\/v2\/posts\/1000019388","targetHints":{"allow":["GET"]}}],"collection":[{"href":"https:\/\/gazzettinoitalianopatagonico.com\/index.php?rest_route=\/wp\/v2\/posts"}],"about":[{"href":"https:\/\/gazzettinoitalianopatagonico.com\/index.php?rest_route=\/wp\/v2\/types\/post"}],"author":[{"embeddable":true,"href":"https:\/\/gazzettinoitalianopatagonico.com\/index.php?rest_route=\/wp\/v2\/users\/1"}],"replies":[{"embeddable":true,"href":"https:\/\/gazzettinoitalianopatagonico.com\/index.php?rest_route=%2Fwp%2Fv2%2Fcomments&post=1000019388"}],"version-history":[{"count":1,"href":"https:\/\/gazzettinoitalianopatagonico.com\/index.php?rest_route=\/wp\/v2\/posts\/1000019388\/revisions"}],"predecessor-version":[{"id":1000019392,"href":"https:\/\/gazzettinoitalianopatagonico.com\/index.php?rest_route=\/wp\/v2\/posts\/1000019388\/revisions\/1000019392"}],"wp:featuredmedia":[{"embeddable":true,"href":"https:\/\/gazzettinoitalianopatagonico.com\/index.php?rest_route=\/wp\/v2\/media\/1000019389"}],"wp:attachment":[{"href":"https:\/\/gazzettinoitalianopatagonico.com\/index.php?rest_route=%2Fwp%2Fv2%2Fmedia&parent=1000019388"}],"wp:term":[{"taxonomy":"category","embeddable":true,"href":"https:\/\/gazzettinoitalianopatagonico.com\/index.php?rest_route=%2Fwp%2Fv2%2Fcategories&post=1000019388"},{"taxonomy":"post_tag","embeddable":true,"href":"https:\/\/gazzettinoitalianopatagonico.com\/index.php?rest_route=%2Fwp%2Fv2%2Ftags&post=1000019388"}],"curies":[{"name":"wp","href":"https:\/\/api.w.org\/{rel}","templated":true}]}}