{"id":1000016965,"date":"2025-05-07T23:24:52","date_gmt":"2025-05-08T02:24:52","guid":{"rendered":"https:\/\/gazzettinoitalianopatagonico.com\/?p=1000016965"},"modified":"2025-05-07T23:24:53","modified_gmt":"2025-05-08T02:24:53","slug":"trump-e-un-feticista-della-toponomastica-il-golfo-persico-si-chiamera-golfo-arabico","status":"publish","type":"post","link":"https:\/\/gazzettinoitalianopatagonico.com\/?p=1000016965","title":{"rendered":"Trump \u00e8 un feticista della toponomastica: \u00abIl Golfo Persico si chiamer\u00e0 Golfo Arabico\u00bb"},"content":{"rendered":"\n<p>Non abbiamo fatto in tempo ad aggiornare i mappamondi (esistono ancora, i mappamondi?) con il Golfo d&#8217;America al posto del Golfo del Messico (con tanto di Associated Press bannata dalla Casa Bianca per il suo rifiuto) che Trump rilancia con un altro sbuffo toponomastico: addio Golfo Persico. Gli Stati Uniti lo chiameranno \u00abGolfo Arabico\u00bb. L&#8217;annuncio \u00e8 stato anticipato proprio all&#8217;AP da due funzionari statunitensi. Nemmeno a dirlo, la mossa ha gi\u00e0 provocato la preventiva reazione stizzita dell&#8217;Iran, il cui ministro degli Esteri, Abbas Araghchi, \u00e8 stato chiaro: i nomi delle vie d&#8217;acqua del Medio Oriente \u00abnon implicano la propriet\u00e0 di una nazione in particolare, ma riflettono piuttosto un rispetto condiviso per il patrimonio collettivo dell&#8217;umanit\u00e0. I tentativi motivati politicamente di alterare il nome storicamente stabilito del Golfo Persico sono indicativi di intenti ostili nei confronti dell&#8217;Iran e del suo popolo e vengono fermamente condannati\u00bb. \u00abQualsiasi passo miope in questo contesto non avr\u00e0 alcuna validit\u00e0 n\u00e9 effetto legale o geografico, susciter\u00e0 solo l&#8217;ira di tutti gli iraniani di ogni estrazione sociale e convinzione politica in Iran, negli Stati Uniti e in tutto il mondo\u00bb. Insomma, l&#8217;hanno presa bene. Il Golfo Persico \u00e8 ampiamente conosciuto con questo nome fin dal XVI secolo, sebbene l&#8217;uso di \u00abGolfo d&#8217;Arabia\u00bb e \u00abGolfo Arabico\u00bb sia dominante in molti paesi del Medio Oriente. Il governo dell&#8217;Iran \u2013 ex Persia \u2013 ha minacciato di fare causa a Google nel 2012 per la decisione dell&#8217;azienda di non etichettare affatto il bacino idrico sulle sue mappe. Su Google Maps negli Stati Uniti, lo specchio d&#8217;acqua appare come Golfo Persico (Golfo Arabico). Apple Maps lo indica solo con Golfo Persico. Per anni, nelle dichiarazioni e nelle immagini ufficiali, l&#8217;esercito statunitense ha definito unilateralmente il Golfo Persico come Golfo Arabico. Il caso rischi\u00f2 di scoppiare gi\u00e0 nel 2017 quando Trump parl\u00f2 di \u00abGolfo Arabico\u00bb e l&#8217;allora presidente iraniano, Hassan Rohani, sugger\u00ec a Trump di \u00abstudiare la geografia\u00bb .<\/p>\n\n\n\n<p>Mario Piccirillo<\/p>\n","protected":false},"excerpt":{"rendered":"<p>Non abbiamo fatto in tempo ad aggiornare i mappamondi (esistono ancora, i mappamondi?) con il Golfo d&#8217;America al posto del Golfo del Messico (con tanto di Associated Press bannata dalla Casa Bianca per il suo rifiuto) che Trump rilancia con un altro sbuffo toponomastico: addio Golfo Persico. Gli Stati Uniti lo chiameranno \u00abGolfo Arabico\u00bb. L&#8217;annuncio [&hellip;]<\/p>\n","protected":false},"author":1,"featured_media":1000016966,"comment_status":"closed","ping_status":"closed","sticky":false,"template":"","format":"standard","meta":{"content-type":"","_jetpack_memberships_contains_paid_content":false,"jnews-multi-image_gallery":[],"jnews_single_post":{"format":"standard"},"jnews_primary_category":[],"footnotes":"","jetpack_publicize_message":"","jetpack_publicize_feature_enabled":true,"jetpack_social_post_already_shared":true,"jetpack_social_options":{"image_generator_settings":{"template":"highway","default_image_id":0,"font":"","enabled":false},"version":2}},"categories":[46,32],"tags":[],"class_list":{"0":"post-1000016965","1":"post","2":"type-post","3":"status-publish","4":"format-standard","5":"has-post-thumbnail","7":"category-italia","8":"category-politica"},"jetpack_publicize_connections":[],"jetpack_featured_media_url":"https:\/\/i0.wp.com\/gazzettinoitalianopatagonico.com\/wp-content\/uploads\/2025\/05\/golfo-persico.jpg?fit=853%2C484&ssl=1","jetpack_likes_enabled":true,"jetpack_sharing_enabled":true,"_links":{"self":[{"href":"https:\/\/gazzettinoitalianopatagonico.com\/index.php?rest_route=\/wp\/v2\/posts\/1000016965","targetHints":{"allow":["GET"]}}],"collection":[{"href":"https:\/\/gazzettinoitalianopatagonico.com\/index.php?rest_route=\/wp\/v2\/posts"}],"about":[{"href":"https:\/\/gazzettinoitalianopatagonico.com\/index.php?rest_route=\/wp\/v2\/types\/post"}],"author":[{"embeddable":true,"href":"https:\/\/gazzettinoitalianopatagonico.com\/index.php?rest_route=\/wp\/v2\/users\/1"}],"replies":[{"embeddable":true,"href":"https:\/\/gazzettinoitalianopatagonico.com\/index.php?rest_route=%2Fwp%2Fv2%2Fcomments&post=1000016965"}],"version-history":[{"count":1,"href":"https:\/\/gazzettinoitalianopatagonico.com\/index.php?rest_route=\/wp\/v2\/posts\/1000016965\/revisions"}],"predecessor-version":[{"id":1000016967,"href":"https:\/\/gazzettinoitalianopatagonico.com\/index.php?rest_route=\/wp\/v2\/posts\/1000016965\/revisions\/1000016967"}],"wp:featuredmedia":[{"embeddable":true,"href":"https:\/\/gazzettinoitalianopatagonico.com\/index.php?rest_route=\/wp\/v2\/media\/1000016966"}],"wp:attachment":[{"href":"https:\/\/gazzettinoitalianopatagonico.com\/index.php?rest_route=%2Fwp%2Fv2%2Fmedia&parent=1000016965"}],"wp:term":[{"taxonomy":"category","embeddable":true,"href":"https:\/\/gazzettinoitalianopatagonico.com\/index.php?rest_route=%2Fwp%2Fv2%2Fcategories&post=1000016965"},{"taxonomy":"post_tag","embeddable":true,"href":"https:\/\/gazzettinoitalianopatagonico.com\/index.php?rest_route=%2Fwp%2Fv2%2Ftags&post=1000016965"}],"curies":[{"name":"wp","href":"https:\/\/api.w.org\/{rel}","templated":true}]}}