{"id":1000016962,"date":"2025-05-07T23:23:53","date_gmt":"2025-05-08T02:23:53","guid":{"rendered":"https:\/\/gazzettinoitalianopatagonico.com\/?p=1000016962"},"modified":"2025-05-07T23:23:54","modified_gmt":"2025-05-08T02:23:54","slug":"lavoro-landini-basta-propaganda-la-gente-non-e-cogliona","status":"publish","type":"post","link":"https:\/\/gazzettinoitalianopatagonico.com\/?p=1000016962","title":{"rendered":"Lavoro, Landini: \u00abBasta propaganda, la gente non \u00e8 cogliona"},"content":{"rendered":"\n<p>\u00abContinuo a pensare che sia meglio smetterla con la propaganda e vedere cosa sta succedendo veramente. Non c&#8217;\u00e8 un aumento dei posti di lavoro, ma solo di lavoro precario\u00bb. E per quanto riguarda gli aumenti salariali, \u00abci sono solo dove il sindacato si \u00e8 battuto per un aumento dei contratti\u00bb. Lo dice Maurizio Landini, segretario della Cgil, a margine dell&#8217;evento organizzato da Avs con la ministra del Lavoro spagnola, Yolanda Diaz, a sostegno dei referendum sul lavoro.<\/p>\n\n\n\n<p>\u00abIo sto girando in questi giorni e incontro le persone, la gente non \u00e8 cogliona e che non si gli raccontino delle balle perch\u00e9 vive sulla sua pelle le preoccupazioni, compresa quella dell&#8217;assenza di una politica industriale\u00bb, aggiunge Landini.<\/p>\n\n\n\n<p>JOLANDA DIAZ: SALARIO MINIMO \u00c8 STRUMENTO POTENTE<\/p>\n\n\n\n<p>\u00abQuello che vi dico \u00e8: basta svalutare i salari. Il salario minimo ci ha fatto diminuire il concetto di disuguaglianza nel nostro Paese. \u00c8 stato fondamentale anche in pandemia. La lotta per il salario minimo \u00e8 dura, ma vi invito a difendere il concetto di salario minimo perch\u00e9 \u00e8 uno strumento potente che c&#8217;\u00e8 in tutti i Paesi. Oggi la Spagna cresce del 3,2% per cui possiamo dire che chi lo contrasta si sbagliava\u00bb. Cos\u00ec la vicepremier e ministra del Lavoro spagnola Jolanda Diaz.<\/p>\n\n\n\n<p>Antonio Bravetti<\/p>\n","protected":false},"excerpt":{"rendered":"<p>\u00abContinuo a pensare che sia meglio smetterla con la propaganda e vedere cosa sta succedendo veramente. Non c&#8217;\u00e8 un aumento dei posti di lavoro, ma solo di lavoro precario\u00bb. E per quanto riguarda gli aumenti salariali, \u00abci sono solo dove il sindacato si \u00e8 battuto per un aumento dei contratti\u00bb. Lo dice Maurizio Landini, segretario [&hellip;]<\/p>\n","protected":false},"author":1,"featured_media":1000016963,"comment_status":"closed","ping_status":"closed","sticky":false,"template":"","format":"standard","meta":{"content-type":"","_jetpack_memberships_contains_paid_content":false,"jnews-multi-image_gallery":[],"jnews_single_post":{"format":"standard"},"jnews_primary_category":[],"footnotes":"","jetpack_publicize_message":"","jetpack_publicize_feature_enabled":true,"jetpack_social_post_already_shared":true,"jetpack_social_options":{"image_generator_settings":{"template":"highway","default_image_id":0,"font":"","enabled":false},"version":2}},"categories":[46,32],"tags":[],"class_list":{"0":"post-1000016962","1":"post","2":"type-post","3":"status-publish","4":"format-standard","5":"has-post-thumbnail","7":"category-italia","8":"category-politica"},"jetpack_publicize_connections":[],"jetpack_featured_media_url":"https:\/\/i0.wp.com\/gazzettinoitalianopatagonico.com\/wp-content\/uploads\/2025\/05\/FOTO-SINGOLA-SITO-2025-05-07T190815.884-1024x576-1.jpg?fit=1024%2C576&ssl=1","jetpack_likes_enabled":true,"jetpack_sharing_enabled":true,"_links":{"self":[{"href":"https:\/\/gazzettinoitalianopatagonico.com\/index.php?rest_route=\/wp\/v2\/posts\/1000016962","targetHints":{"allow":["GET"]}}],"collection":[{"href":"https:\/\/gazzettinoitalianopatagonico.com\/index.php?rest_route=\/wp\/v2\/posts"}],"about":[{"href":"https:\/\/gazzettinoitalianopatagonico.com\/index.php?rest_route=\/wp\/v2\/types\/post"}],"author":[{"embeddable":true,"href":"https:\/\/gazzettinoitalianopatagonico.com\/index.php?rest_route=\/wp\/v2\/users\/1"}],"replies":[{"embeddable":true,"href":"https:\/\/gazzettinoitalianopatagonico.com\/index.php?rest_route=%2Fwp%2Fv2%2Fcomments&post=1000016962"}],"version-history":[{"count":1,"href":"https:\/\/gazzettinoitalianopatagonico.com\/index.php?rest_route=\/wp\/v2\/posts\/1000016962\/revisions"}],"predecessor-version":[{"id":1000016964,"href":"https:\/\/gazzettinoitalianopatagonico.com\/index.php?rest_route=\/wp\/v2\/posts\/1000016962\/revisions\/1000016964"}],"wp:featuredmedia":[{"embeddable":true,"href":"https:\/\/gazzettinoitalianopatagonico.com\/index.php?rest_route=\/wp\/v2\/media\/1000016963"}],"wp:attachment":[{"href":"https:\/\/gazzettinoitalianopatagonico.com\/index.php?rest_route=%2Fwp%2Fv2%2Fmedia&parent=1000016962"}],"wp:term":[{"taxonomy":"category","embeddable":true,"href":"https:\/\/gazzettinoitalianopatagonico.com\/index.php?rest_route=%2Fwp%2Fv2%2Fcategories&post=1000016962"},{"taxonomy":"post_tag","embeddable":true,"href":"https:\/\/gazzettinoitalianopatagonico.com\/index.php?rest_route=%2Fwp%2Fv2%2Ftags&post=1000016962"}],"curies":[{"name":"wp","href":"https:\/\/api.w.org\/{rel}","templated":true}]}}