{"id":1000016959,"date":"2025-05-07T23:22:45","date_gmt":"2025-05-08T02:22:45","guid":{"rendered":"https:\/\/gazzettinoitalianopatagonico.com\/?p=1000016959"},"modified":"2025-05-07T23:22:47","modified_gmt":"2025-05-08T02:22:47","slug":"integratori-alimentari-italiani-sempre-piu-consapevoli-della-loro-importanza-in-fatto-di-prevenzione","status":"publish","type":"post","link":"https:\/\/gazzettinoitalianopatagonico.com\/?p=1000016959","title":{"rendered":"Integratori alimentari, italiani sempre pi\u00f9 consapevoli della loro importanza in fatto di prevenzione"},"content":{"rendered":"\n<p>\u00abL&#8217;integrazione alimentare rappresenta un fenomeno in crescita costante a livello globale. Secondo recenti studi di mercato, il settore degli integratori alimentari ha superato i 150 miliardi di dollari nel 2022 e se ne prevede un&#8217;ulteriore espansione nei prossimi anni\u00bb. Cos\u00ec Francesca Petrini, Presidente nazionale di Cna Agroalimentare. \u00abIn Italia, il mercato degli integratori \u2013 prosegue- vale oltre quattro miliardi di euro, con una crescita annua media del 6%. Questo dato riflette una crescente consapevolezza dei consumatori sull&#8217;importanza della nutrizione e della prevenzione. Non a caso si parla di prevenzione primaria che consiste in una serie di attivit\u00e0 focalizzate all&#8217;adozione di interventi e comportamenti in grado di evitare o ridurre l&#8217;insorgenza e lo sviluppo di una malattia, selezionando e trattando le condizioni di rischio. L&#8217;alimentazione e uno stile di vita sano giocano un ruolo sempre pi\u00f9 centrale nella prevenzione primaria. Cattive abitudini alimentari e uno stile di vita sedentario rappresentano uno dei principali fattori di rischio per l&#8217;insorgenza di numerose malattie croniche. Una dieta si definisce adeguata quando \u00e8 in grado di assicurare il soddisfacimento dei fabbisogni di energia e nutrienti, in termini sia quantitativi che qualitativi degli alimenti consumati, rispettando le combinazioni e le proporzioni in modo da non arrecare potenziali rischi per la salute. Molteplici sono per\u00f2 i fattori che tuttavia possono interferire con un&#8217;adeguata assunzione dei nutrienti come l&#8217;esclusione di alcuni alimenti dalla dieta e\/o l&#8217;assunzione di cibi poveri di sostanze nutritive. Le conseguenze si esplicano molto spesso in stati di avitaminosi o ipovitaminosi, ovvero la completa assenza o la carenza di una o pi\u00f9 vitamine contemporaneamente. Questo fenomeno \u00e8 stato osservato negli ultimi anni anche nei paesi sviluppati in gruppi di individui o popolazioni vulnerabili\u00bb. Per Petrini \u00abse \u00e8 ormai cosa nota che un&#8217;alimentazione corretta aiuta a vivere meglio, meno diffusa \u00e8 la consapevolezza che con la dieta \u00e8 possibile prevenire, addirittura contrastare, anche patologie serie e molto diffuse. \u00c8 quindi soprattutto la qualit\u00e0 del cibo a fare la differenza. &#8216;Fa che il cibo sia la tua medicina&#8217;, d&#8217;altra parte, lo aveva gi\u00e0 spiegato Ippocrate, padre della medicina, nel lontano 400 a.C. \u00c8 bene riflettere, infatti, su alcuni punti chiave e sul perch\u00e9 l&#8217;integrazione sia diventata cos\u00ec rilevante:<\/p>\n\n\n\n<p>1.&nbsp;&nbsp;Declino nutrizionale dei cibi \u2013 A causa dell&#8217;agricoltura intensiva, molti alimenti oggi contengono meno vitamine e minerali rispetto al passato. Un esempio classico \u00e8 la riduzione del contenuto di magnesio e zinco nei vegetali.<\/p>\n\n\n\n<p>&nbsp;&nbsp;2.&nbsp;&nbsp;Dieta moderna squilibrata \u2013 Il consumo eccessivo di zuccheri raffinati, grassi saturi e alimenti ultraprocessati porta a carenze di nutrienti essenziali come omega-3, vitamine e antiossidanti.<\/p>\n\n\n\n<p>&nbsp;&nbsp;3.&nbsp;&nbsp;Stili di vita e stress \u2013 Stress, inquinamento e ritmi frenetici aumentano il fabbisogno di alcuni micronutrienti, come vitamina C, magnesio e vitamine del gruppo B, fondamentali per il sistema nervoso e la gestione dell&#8217;energia.<\/p>\n\n\n\n<p>&nbsp;&nbsp;4.&nbsp;&nbsp;Ruolo mirato dell&#8217;integrazione \u2013 Gli integratori non devono sostituire una dieta sana, ma possono colmare specifiche carenze. A esempio, la vitamina D \u00e8 essenziale per chi ha poca esposizione al sole, mentre gli omega-3 sono cruciali per chi non consuma abbastanza pesce.<\/p>\n\n\n\n<p>&nbsp;&nbsp;5.&nbsp;&nbsp;Innovazione negli alimenti funzionali \u2013 Prodotti come gli oli arricchiti con vitamine, rappresentano un&#8217;evoluzione importante perch\u00e9 permettono di integrare nutrienti essenziali in modo naturale e sinergico, direttamente attraverso l&#8217;alimentazione quotidiana.<\/p>\n\n\n\n<p>\u00abL&#8217;approccio ideale \u00e8 quello della nutrizione consapevole, in cui un&#8217;alimentazione equilibrata viene supportata, quando necessario, da integrazioni mirate e scientificamente validate\u00bb, spiega la presidente di Cna Agroalimentare. \u00abL&#8217;olio extra vergine di oliva \u00e8 un alimento cardine della Dieta Mediterranea, considerata dall&#8217;Unesco \u00abpatrimonio immateriale dell&#8217;umanit\u00e0\u00bb. Ricco di grassi monoinsaturi, antiossidanti e composti fenolici, l&#8217;Evoo contribuisce a migliorare diversi aspetti della salute. Rispetto ad altri oli vegetali, ha una maggiore stabilit\u00e0 ossidativa e propriet\u00e0 antinfiammatorie naturali. L&#8217;olio extra vergine di oliva si presta in modo eccellente a essere un vettore di vitamine e altri nutrienti essenziali come gi\u00e0 dimostrato da alcune aziende olearie italiane. Tra le integrazioni pi\u00f9 comuni troviamo:<\/p>\n\n\n\n<p>&nbsp;&nbsp;*&nbsp;&nbsp;&nbsp;Vitamina D: essenziale per la salute delle ossa e il sistema immunitario, spesso carente nella popolazione italiana.<\/p>\n\n\n\n<p>&nbsp;&nbsp;*&nbsp;&nbsp;&nbsp;Vitamina E: un potente antiossidante liposolubile che protegge le cellule dallo stress ossidativo.<\/p>\n\n\n\n<p>&nbsp;&nbsp;*&nbsp;&nbsp;&nbsp;Omega-3: acidi grassi essenziali con propriet\u00e0 antinfiammatorie e benefiche per il sistema cardiovascolare. Queste integrazioni sono particolarmente indicate per fasce di popolazione con carenze nutrizionali, come anziani o persone con diete sbilanciate.<\/p>\n\n\n\n<p>Secondo i dati dell&#8217;Efsa (European Food Safety Authority), circa il 30% della popolazione italiana presenta una carenza di Vitamina D, una percentuale superiore alla media europea, che si attesta intorno al 20-25%. Gravissimo se si considera che l&#8217;Italia \u00e8 il \u00abPaese del Sole\u00bb. Anche l&#8217;apporto di Omega-3 \u00e8 spesso insufficiente, con un consumo medio inferiore alle raccomandazioni dell&#8217;Organizzazione mondiale della sanit\u00e0 (Oms). D&#8217;altra parte, il consumo di Evoo in Italia \u00e8 uno dei pi\u00f9 alti in Europa, con circa dodici litri pro capite all&#8217;anno, rispetto ai due litri pro capite nei Paesi del Nord Europa. Tuttavia, l&#8217;abbandono progressivo della Dieta Mediterranea sta portando a una riduzione di questi benefici nutrizionali\u00bb.<\/p>\n\n\n\n<p>L&#8217;Evoo merita dunque un ulteriore salto di qualit\u00e0 per diventare sempre pi\u00f9 strumento preventivo grazie al suo ruolo chiave nella prevenzione di numerose patologie:<\/p>\n\n\n\n<p>-Malattie cardiovascolari: riduce il rischio di infarto e ictus grazie all&#8217;alto contenuto di acidi grassi monoinsaturi e composti fenolici.<\/p>\n\n\n\n<p>-Diabete di tipo 2: migliora la sensibilit\u00e0 all&#8217;insulina e aiuta a regolare la glicemia.<\/p>\n\n\n\n<p>-Malattie neurodegenerative: i polifenoli presenti nell&#8217;Evoo contribuiscono alla protezione delle cellule nervose, riducendo il rischio di Alzheimer.<\/p>\n\n\n\n<p>-Infiammazioni croniche: i composti bioattivi dell&#8217;Evoo hanno effetti antinfiammatori paragonabili a quelli di alcuni farmaci antinfiammatori non steroidei (Fans).<\/p>\n\n\n\n<p>\u00abIntegrare l&#8217;alimentazione con olio extra vergine di oliva arricchito con vitamine e nutrienti pu\u00f2 rappresentare una strategia efficace per migliorare il profilo nutrizionale della popolazione e prevenire patologie croniche. La sua combinazione di grassi sani e sostanze bioattive \u2013 spiega- lo rende un alimento ideale per una dieta equilibrata e salutare. Pertanto, promuovere l&#8217;uso consapevole dell&#8217;olio Evoo, sia come alimento che come base per integratori, pu\u00f2 essere una scelta strategica per la salute pubblica. E&#8217; quindi necessario promuovere sempre pi\u00f9 una cultura salutistica degli alimenti e dei corretti stili di vita attraverso un&#8217;opera di sensibilizzazione della popolazione andando oltre i confini del mondo sanitario tout court. \u00c8 indispensabile considerare la salute non pi\u00f9 come un costo ma come un investimento favorendo l&#8217;empowerment e la responsabilizzazione dei cittadini supportando politiche di prevenzione diffusa\u00bb. \u00abInfine, occorre ripensare e implementare le categorie merceologiche dell&#8217;olio a scaffale, valorizzando le varianti a spiccata connotazione salutistica. Questa evoluzione deve basarsi su studi scientifici rigorosi e analisi nutrizionali approfondite per garantire prodotti di alta qualit\u00e0 e un&#8217;informazione trasparente ai consumatori. Solo attraverso un approccio basato su evidenze scientifiche sar\u00e0 possibile evitare speculazioni e promuovere un consumo consapevole e benefico per la salute\u00bb, conclude Petrini.<\/p>\n\n\n\n<p>Maria Anzalone<\/p>\n","protected":false},"excerpt":{"rendered":"<p>\u00abL&#8217;integrazione alimentare rappresenta un fenomeno in crescita costante a livello globale. Secondo recenti studi di mercato, il settore degli integratori alimentari ha superato i 150 miliardi di dollari nel 2022 e se ne prevede un&#8217;ulteriore espansione nei prossimi anni\u00bb. Cos\u00ec Francesca Petrini, Presidente nazionale di Cna Agroalimentare. \u00abIn Italia, il mercato degli integratori \u2013 prosegue- [&hellip;]<\/p>\n","protected":false},"author":1,"featured_media":1000016960,"comment_status":"closed","ping_status":"closed","sticky":false,"template":"","format":"standard","meta":{"content-type":"","_jetpack_memberships_contains_paid_content":false,"jnews-multi-image_gallery":[],"jnews_single_post":{"format":"standard"},"jnews_primary_category":[],"footnotes":"","jetpack_publicize_message":"","jetpack_publicize_feature_enabled":true,"jetpack_social_post_already_shared":true,"jetpack_social_options":{"image_generator_settings":{"template":"highway","default_image_id":0,"font":"","enabled":false},"version":2}},"categories":[43],"tags":[],"class_list":{"0":"post-1000016959","1":"post","2":"type-post","3":"status-publish","4":"format-standard","5":"has-post-thumbnail","7":"category-salud"},"jetpack_publicize_connections":[],"jetpack_featured_media_url":"https:\/\/i0.wp.com\/gazzettinoitalianopatagonico.com\/wp-content\/uploads\/2025\/05\/FOTO-A-3-SITO-2-FILEminimizer-1024x576-1.jpg?fit=1024%2C576&ssl=1","jetpack_likes_enabled":true,"jetpack_sharing_enabled":true,"_links":{"self":[{"href":"https:\/\/gazzettinoitalianopatagonico.com\/index.php?rest_route=\/wp\/v2\/posts\/1000016959","targetHints":{"allow":["GET"]}}],"collection":[{"href":"https:\/\/gazzettinoitalianopatagonico.com\/index.php?rest_route=\/wp\/v2\/posts"}],"about":[{"href":"https:\/\/gazzettinoitalianopatagonico.com\/index.php?rest_route=\/wp\/v2\/types\/post"}],"author":[{"embeddable":true,"href":"https:\/\/gazzettinoitalianopatagonico.com\/index.php?rest_route=\/wp\/v2\/users\/1"}],"replies":[{"embeddable":true,"href":"https:\/\/gazzettinoitalianopatagonico.com\/index.php?rest_route=%2Fwp%2Fv2%2Fcomments&post=1000016959"}],"version-history":[{"count":1,"href":"https:\/\/gazzettinoitalianopatagonico.com\/index.php?rest_route=\/wp\/v2\/posts\/1000016959\/revisions"}],"predecessor-version":[{"id":1000016961,"href":"https:\/\/gazzettinoitalianopatagonico.com\/index.php?rest_route=\/wp\/v2\/posts\/1000016959\/revisions\/1000016961"}],"wp:featuredmedia":[{"embeddable":true,"href":"https:\/\/gazzettinoitalianopatagonico.com\/index.php?rest_route=\/wp\/v2\/media\/1000016960"}],"wp:attachment":[{"href":"https:\/\/gazzettinoitalianopatagonico.com\/index.php?rest_route=%2Fwp%2Fv2%2Fmedia&parent=1000016959"}],"wp:term":[{"taxonomy":"category","embeddable":true,"href":"https:\/\/gazzettinoitalianopatagonico.com\/index.php?rest_route=%2Fwp%2Fv2%2Fcategories&post=1000016959"},{"taxonomy":"post_tag","embeddable":true,"href":"https:\/\/gazzettinoitalianopatagonico.com\/index.php?rest_route=%2Fwp%2Fv2%2Ftags&post=1000016959"}],"curies":[{"name":"wp","href":"https:\/\/api.w.org\/{rel}","templated":true}]}}