{"id":1000016893,"date":"2025-05-06T16:34:34","date_gmt":"2025-05-06T19:34:34","guid":{"rendered":"https:\/\/gazzettinoitalianopatagonico.com\/?p=1000016893"},"modified":"2025-05-06T16:34:36","modified_gmt":"2025-05-06T19:34:36","slug":"reporter-senza-frontiere-la-stampa-in-italia-sempre-meno-libera-minacciata-da-mafie-e-politica","status":"publish","type":"post","link":"https:\/\/gazzettinoitalianopatagonico.com\/?p=1000016893","title":{"rendered":"Reporter senza frontiere: \u00abLa stampa in Italia sempre meno libera, minacciata da mafie e politica\u00bb"},"content":{"rendered":"\n<p>Nel mondo la libert\u00e0 di stampa \u00e8 sempre pi\u00f9 minacciata e l&#8217;Italia scende ancora nella classifica globale stilata da Reporters Sans Frontieres, perdendo 3 gradini sul 2024 e piazzandosi al 49esimo posto, il risultato peggiore in Europa Occidentale.<\/p>\n\n\n\n<p>La Norvegia rimane leader e modello nella classifica globale, seguita da Estonia e Paesi Bassi. In fondo alla classifica ci sono Cina, Corea del Nord ed Eritrea, che si collocano rispettivamente alla 178esima, 179esima e 180esima posizione. \u00abLa situazione della libert\u00e0 di stampa globale nel 2025 \u00e8 ai minimi storici \u2013 spiega l&#8217;organizzazione nella sua analisi \u2013 Pi\u00f9 di met\u00e0 della popolazione mondiale vive in paesi con una situazione &#8216;molto grave'\u00bb.<\/p>\n\n\n\n<p>L&#8217;Italia<\/p>\n\n\n\n<p>Per Rsf \u00abla libert\u00e0 di stampa in Italia continua a essere minacciata dalle organizzazioni mafiose, in particolare nel sud del Paese, nonch\u00e9 da vari gruppi estremisti che commettono atti di violenza\u00bb. Non solo. \u00abI giornalisti lamentano anche il tentativo della classe politica di ostacolare la libera informazione in materia giudiziaria attraverso una legge bavaglio che si aggiunge alla prassi di azioni legali intentate per intimidire, imbavagliare o punire coloro che cercano di partecipare e di esprimersi su questioni di interesse pubblico\u00bb, continua il rapporto.<\/p>\n\n\n\n<p>Gli Usa<\/p>\n\n\n\n<p>Non va meglio agli Stati Uniti che passano dal 55esimo al 57esimo posto con \u00abil primo significativo e prolungato declino della libert\u00e0 di stampa nella storia moderna, mentre il ritorno di Donald Trump alla presidenza sta aggravando notevolmente la situazione\u00bb.<\/p>\n\n\n\n<p>L&#8217;Europa<\/p>\n\n\n\n<p>L&#8217;Europa continua a essere la regione del mondo in cui i giornalisti possono fare informazione con maggiore libert\u00e0, spiega l&#8217;organizzazione che valuta la situazione \u00abbuona\u00bb solo in sette paesi, tutti europei. \u00abOltre a una situazione di sicurezza fragile e al crescente autoritarismo, la pressione economica in particolare sta causando problemi ai media di tutto il mondo\u00bb, ha affermato Reporters Sans Frontieres. La classifica di Rsf &#8211; pubblicata in vista della Giornata internazionale della libert\u00e0 di stampa che viene celebrata domani &#8211; valuta la situazione di un paese o territorio in cinque categorie: politica, diritti, economia, socio-cultura e sicurezza.<\/p>\n\n\n\n<p>La Germania<\/p>\n\n\n\n<p>A fianco delle sorprese (Trinidad e Tobago19esimae davanti al Regno Unito e Taiwan24esima davanti alla Francia) molte le &#8216;retrocessioni&#8217; eccellenti: ad esempio, la Germania, lo scorso anno al decimo posto, non \u00e8 pi\u00f9 nella top ten a causa del \u00abclima di lavoro sempre pi\u00f9 ostile per i professionisti dei media in Germania, in particolare a causa degli attacchi dell&#8217;estrema destra\u00bb. Nel 2024, i giornalisti tedeschi che hanno avuto a che fare con ambienti di estrema destra e partiti come Alternativa per la Germania sono stati nuovamente a rischio, denunciando minacce, insulti e timore di violenza fisica. Anche in termini editoriali, la Germania &#8211; ora 11esima &#8211; \u00e8 stata criticata, con il rapporto che indica \u00abnumerosi casi documentati in cui i professionisti dei media hanno segnalato ostacoli sproporzionatamente elevati nel riportare informazioni sul conflitto in Medio Oriente\u00bb. Come sottolinea Anja Osterhaus, direttrice generale di Rsf \u00abil giornalismo indipendente \u00e8 una spina nel fianco degli autocrati\u00bb ma \u00abse i media sono finanziariamente in difficolt\u00e0, chi smascherer\u00e0 disinformazione, disinformazione e propaganda? Oltre alla nostra lotta quotidiana per la sicurezza dei giornalisti, ci impegniamo quindi anche a rafforzare le basi economiche del giornalismo\u00bb.<\/p>\n","protected":false},"excerpt":{"rendered":"<p>Nel mondo la libert\u00e0 di stampa \u00e8 sempre pi\u00f9 minacciata e l&#8217;Italia scende ancora nella classifica globale stilata da Reporters Sans Frontieres, perdendo 3 gradini sul 2024 e piazzandosi al 49esimo posto, il risultato peggiore in Europa Occidentale. La Norvegia rimane leader e modello nella classifica globale, seguita da Estonia e Paesi Bassi. In fondo [&hellip;]<\/p>\n","protected":false},"author":1,"featured_media":1000016894,"comment_status":"closed","ping_status":"closed","sticky":false,"template":"","format":"standard","meta":{"content-type":"","_jetpack_memberships_contains_paid_content":false,"jnews-multi-image_gallery":[],"jnews_single_post":{"format":"standard"},"jnews_primary_category":[],"footnotes":"","jetpack_publicize_message":"","jetpack_publicize_feature_enabled":true,"jetpack_social_post_already_shared":true,"jetpack_social_options":{"image_generator_settings":{"template":"highway","default_image_id":0,"font":"","enabled":false},"version":2}},"categories":[255],"tags":[],"class_list":{"0":"post-1000016893","1":"post","2":"type-post","3":"status-publish","4":"format-standard","5":"has-post-thumbnail","7":"category-sociales"},"jetpack_publicize_connections":[],"jetpack_featured_media_url":"https:\/\/i0.wp.com\/gazzettinoitalianopatagonico.com\/wp-content\/uploads\/2025\/05\/ujhh.png?fit=1200%2C900&ssl=1","jetpack_likes_enabled":true,"jetpack_sharing_enabled":true,"_links":{"self":[{"href":"https:\/\/gazzettinoitalianopatagonico.com\/index.php?rest_route=\/wp\/v2\/posts\/1000016893","targetHints":{"allow":["GET"]}}],"collection":[{"href":"https:\/\/gazzettinoitalianopatagonico.com\/index.php?rest_route=\/wp\/v2\/posts"}],"about":[{"href":"https:\/\/gazzettinoitalianopatagonico.com\/index.php?rest_route=\/wp\/v2\/types\/post"}],"author":[{"embeddable":true,"href":"https:\/\/gazzettinoitalianopatagonico.com\/index.php?rest_route=\/wp\/v2\/users\/1"}],"replies":[{"embeddable":true,"href":"https:\/\/gazzettinoitalianopatagonico.com\/index.php?rest_route=%2Fwp%2Fv2%2Fcomments&post=1000016893"}],"version-history":[{"count":1,"href":"https:\/\/gazzettinoitalianopatagonico.com\/index.php?rest_route=\/wp\/v2\/posts\/1000016893\/revisions"}],"predecessor-version":[{"id":1000016895,"href":"https:\/\/gazzettinoitalianopatagonico.com\/index.php?rest_route=\/wp\/v2\/posts\/1000016893\/revisions\/1000016895"}],"wp:featuredmedia":[{"embeddable":true,"href":"https:\/\/gazzettinoitalianopatagonico.com\/index.php?rest_route=\/wp\/v2\/media\/1000016894"}],"wp:attachment":[{"href":"https:\/\/gazzettinoitalianopatagonico.com\/index.php?rest_route=%2Fwp%2Fv2%2Fmedia&parent=1000016893"}],"wp:term":[{"taxonomy":"category","embeddable":true,"href":"https:\/\/gazzettinoitalianopatagonico.com\/index.php?rest_route=%2Fwp%2Fv2%2Fcategories&post=1000016893"},{"taxonomy":"post_tag","embeddable":true,"href":"https:\/\/gazzettinoitalianopatagonico.com\/index.php?rest_route=%2Fwp%2Fv2%2Ftags&post=1000016893"}],"curies":[{"name":"wp","href":"https:\/\/api.w.org\/{rel}","templated":true}]}}