{"id":1000016890,"date":"2025-05-06T16:32:47","date_gmt":"2025-05-06T19:32:47","guid":{"rendered":"https:\/\/gazzettinoitalianopatagonico.com\/?p=1000016890"},"modified":"2025-05-06T16:32:48","modified_gmt":"2025-05-06T19:32:48","slug":"peru-coprifuoco-a-pataz-dopo-la-strage-dei-13-minatori-rapiti","status":"publish","type":"post","link":"https:\/\/gazzettinoitalianopatagonico.com\/?p=1000016890","title":{"rendered":"Per\u00f9, coprifuoco a Pataz dopo la strage dei 13 minatori rapiti"},"content":{"rendered":"\n<p>La presidente del&nbsp;<strong>Per\u00f9<\/strong>, Dina Boluarte, ha dichiarato il coprifuoco nella distretto di Pataz, nella regione settentrionale di La Libertad dopo che ieri la polizia ha ritrovato in un tunnel i corpi dei 13 lavoratori rapiti il 26 aprile scorso da minatori di oro illegali. Oltre al coprifuoco a Pataz, dalle 18 di sera alle 6 del mattino, Boluarte ha annunciato anche la sospensione dell&#8217;attivit\u00e0 mineraria per 30 giorni in tutta la provincia oltre ad accogliere la richiesta delle autorit\u00e0 locali di aprire una base militare a Pataz, vista l&#8217;assenza della Polizia peruviana nella regione. La decisione segue di poche ore la diffusione di un video sui social media, registrato dai sequestratori, in cui si mostra come ciascuno dei minatori sia stato giustiziato a bruciapelo.<br>Le 13 vittime erano lavoratori assunti dall&#8217;azienda R&amp;R, di propriet\u00e0 di un minatore artigianale che svolge attivit\u00e0 di sicurezza per la miniera Poderosa, una delle principali compagnie aurifere della provincia, sempre pi\u00f9 sovente bersaglio di attacchi da parte di minatori illegali e gruppi criminali.<\/p>\n\n\n\n<p>Lo rendono noto i principali media peruviani.<\/p>\n","protected":false},"excerpt":{"rendered":"<p>La presidente del&nbsp;Per\u00f9, Dina Boluarte, ha dichiarato il coprifuoco nella distretto di Pataz, nella regione settentrionale di La Libertad dopo che ieri la polizia ha ritrovato in un tunnel i corpi dei 13 lavoratori rapiti il 26 aprile scorso da minatori di oro illegali. Oltre al coprifuoco a Pataz, dalle 18 di sera alle 6 [&hellip;]<\/p>\n","protected":false},"author":1,"featured_media":1000016891,"comment_status":"closed","ping_status":"closed","sticky":false,"template":"","format":"standard","meta":{"content-type":"","_jetpack_memberships_contains_paid_content":false,"jnews-multi-image_gallery":[],"jnews_single_post":{"format":"standard"},"jnews_primary_category":[],"footnotes":"","jetpack_publicize_message":"","jetpack_publicize_feature_enabled":true,"jetpack_social_post_already_shared":true,"jetpack_social_options":{"image_generator_settings":{"template":"highway","default_image_id":0,"font":"","enabled":false},"version":2}},"categories":[270],"tags":[268],"class_list":{"0":"post-1000016890","1":"post","2":"type-post","3":"status-publish","4":"format-standard","5":"has-post-thumbnail","7":"category-america-latina","8":"tag-america-latina"},"jetpack_publicize_connections":[],"jetpack_featured_media_url":"https:\/\/i0.wp.com\/gazzettinoitalianopatagonico.com\/wp-content\/uploads\/2025\/05\/YYYYY.png?fit=686%2C386&ssl=1","jetpack_likes_enabled":true,"jetpack_sharing_enabled":true,"_links":{"self":[{"href":"https:\/\/gazzettinoitalianopatagonico.com\/index.php?rest_route=\/wp\/v2\/posts\/1000016890","targetHints":{"allow":["GET"]}}],"collection":[{"href":"https:\/\/gazzettinoitalianopatagonico.com\/index.php?rest_route=\/wp\/v2\/posts"}],"about":[{"href":"https:\/\/gazzettinoitalianopatagonico.com\/index.php?rest_route=\/wp\/v2\/types\/post"}],"author":[{"embeddable":true,"href":"https:\/\/gazzettinoitalianopatagonico.com\/index.php?rest_route=\/wp\/v2\/users\/1"}],"replies":[{"embeddable":true,"href":"https:\/\/gazzettinoitalianopatagonico.com\/index.php?rest_route=%2Fwp%2Fv2%2Fcomments&post=1000016890"}],"version-history":[{"count":1,"href":"https:\/\/gazzettinoitalianopatagonico.com\/index.php?rest_route=\/wp\/v2\/posts\/1000016890\/revisions"}],"predecessor-version":[{"id":1000016892,"href":"https:\/\/gazzettinoitalianopatagonico.com\/index.php?rest_route=\/wp\/v2\/posts\/1000016890\/revisions\/1000016892"}],"wp:featuredmedia":[{"embeddable":true,"href":"https:\/\/gazzettinoitalianopatagonico.com\/index.php?rest_route=\/wp\/v2\/media\/1000016891"}],"wp:attachment":[{"href":"https:\/\/gazzettinoitalianopatagonico.com\/index.php?rest_route=%2Fwp%2Fv2%2Fmedia&parent=1000016890"}],"wp:term":[{"taxonomy":"category","embeddable":true,"href":"https:\/\/gazzettinoitalianopatagonico.com\/index.php?rest_route=%2Fwp%2Fv2%2Fcategories&post=1000016890"},{"taxonomy":"post_tag","embeddable":true,"href":"https:\/\/gazzettinoitalianopatagonico.com\/index.php?rest_route=%2Fwp%2Fv2%2Ftags&post=1000016890"}],"curies":[{"name":"wp","href":"https:\/\/api.w.org\/{rel}","templated":true}]}}