{"id":1000016881,"date":"2025-05-06T16:27:29","date_gmt":"2025-05-06T19:27:29","guid":{"rendered":"https:\/\/gazzettinoitalianopatagonico.com\/?p=1000016881"},"modified":"2025-05-06T16:27:31","modified_gmt":"2025-05-06T19:27:31","slug":"el-miercoles-sera-el-dia-clave-para-la-privatizacion-de-las-hidroelectricas","status":"publish","type":"post","link":"https:\/\/gazzettinoitalianopatagonico.com\/?p=1000016881","title":{"rendered":"El mi\u00e9rcoles ser\u00e1 el d\u00eda clave para la privatizaci\u00f3n de las hidroel\u00e9ctricas"},"content":{"rendered":"\n<p>El mi\u00e9rcoles est\u00e1 marcado como el d\u00eda en que salgan los pliegos la licitaci\u00f3n p\u00fablica nacional e internacional de las represas hidroel\u00e9ctricas del Comahue. As\u00ed se lo inform\u00f3 Naci\u00f3n a las provincias el 15 de abril y gener\u00f3 revuelo en la regi\u00f3n. El Choc\u00f3n, Alicur\u00e1, Cerros Colorados y Piedra del \u00c1guila son las represas que estar\u00e1n en la licitaci\u00f3n y en las que las actuales operadoras (AES, Central Puerto, Enel y Aconcagua Energ\u00eda Generaci\u00f3n) buscar\u00e1n extender su concesi\u00f3n. Mientras que jugadores del peso de YPF Luz, Pampa Energ\u00eda, Genneia, TotalEnergies y MSU Energ\u00eda buscar\u00e1n ampliar su cartera de activos. Tambi\u00e9n existe la posibilidad de que se presente un fondo de inversiones de China. Las provincias leen la letra chica del pliego a contrarreloj. Es que el apuro de Naci\u00f3n para realizar el proceso genera inquietud entre las autoridades de Neuqu\u00e9n y R\u00edo Negro. Tanto Neuqu\u00e9n como R\u00edo Negro hab\u00edan solicitado un m\u00ednimo de 30 d\u00edas para evaluar el pliego. No obstante, el Gobierno nacional otorg\u00f3 un plazo de solo 15 d\u00edas. Este tema se suma a los puntos en lo cuales nunca se pusieron de acuerdo las partes: el pago de regal\u00edas, el costo de la energ\u00eda y pago de canon por uso del recurso dentro de la regi\u00f3n. El ministro de Planificaci\u00f3n de Neuqu\u00e9n, Rub\u00e9n Etcheverry, expres\u00f3 su preocupaci\u00f3n por el \u00abapuro\u00bb con el que se est\u00e1 tratando un tema de \u00abgran importancia\u00bb para la provincia. Mientras que Rolando Figueroa, gobernador de Neuqu\u00e9n, advirti\u00f3 que junto Alberto Weretilneck defender\u00e1n los intereses de las provincias y que est\u00e1n abiertos al di\u00e1logo.<\/p>\n\n\n\n<p>Las represas y la privatizaci\u00f3n<\/p>\n\n\n\n<p>El proceso para privatizar las centrales hidroel\u00e9ctricas comenz\u00f3 en 2024, cuando un decreto instruy\u00f3 a Energ\u00eda Argentina S.A. (Enarsa) y Nucleoel\u00e9ctrica Argentina S.A. (NASA) a crear sociedades an\u00f3nimas espec\u00edficas para cada represa: Alicur\u00e1 Hidroel\u00e9ctrica Argentina S.A; Choc\u00f3n Hidroel\u00e9ctrica Argentina S.A; Cerros Colorados Hidroel\u00e9ctrica Argentina S.A; y Piedra del \u00c1guila Hidroel\u00e9ctrica Argentina S.A. El mismo decreto fijaba un plazo de 180 d\u00edas desde su entrada en vigencia para que la Secretar\u00eda de Energ\u00eda convocara a un Concurso P\u00fablico Nacional e Internacional. El objetivo: vender la mayor\u00eda accionaria o el paquete de control de estas nuevas compa\u00f1\u00edas. M\u00e1s adelante, otro decreto sum\u00f3 a la Agencia de Transformaci\u00f3n de Empresas P\u00fablicas al proceso.<\/p>\n\n\n\n<p>El llamado a concurso<\/p>\n\n\n\n<p>Sin embargo, el Decreto N\u00ba 263, publicado el 10 de abril, redujo los tiempos. Estableci\u00f3 un plazo de 15 d\u00edas para iniciar formalmente el concurso p\u00fablico, garantizando la participaci\u00f3n de Neuqu\u00e9n, R\u00edo Negro y los organismos interjurisdiccionales vinculados a las cuencas h\u00eddricas. En cumplimiento de esta norma, la Direcci\u00f3n Nacional de Generaci\u00f3n El\u00e9ctrica envi\u00f3 el borrador del Pliego de Bases y Condiciones, junto con sus anexos. Este documento ser\u00e1 clave para definir los t\u00e9rminos y requisitos del concurso, as\u00ed como el traspaso de las acciones al sector privado. La premura del calendario obliga a los equipos t\u00e9cnicos de ambas provincias a realizar una revisi\u00f3n detallada. El objetivo es asegurarse de que se protejan los intereses regionales y se contemplen todos los factores cr\u00edticos en una operaci\u00f3n que implica activos energ\u00e9ticos estrat\u00e9gicos para el pa\u00eds.<\/p>\n","protected":false},"excerpt":{"rendered":"<p>El mi\u00e9rcoles est\u00e1 marcado como el d\u00eda en que salgan los pliegos la licitaci\u00f3n p\u00fablica nacional e internacional de las represas hidroel\u00e9ctricas del Comahue. As\u00ed se lo inform\u00f3 Naci\u00f3n a las provincias el 15 de abril y gener\u00f3 revuelo en la regi\u00f3n. El Choc\u00f3n, Alicur\u00e1, Cerros Colorados y Piedra del \u00c1guila son las represas que [&hellip;]<\/p>\n","protected":false},"author":1,"featured_media":1000016882,"comment_status":"closed","ping_status":"closed","sticky":false,"template":"","format":"standard","meta":{"content-type":"","_jetpack_memberships_contains_paid_content":false,"jnews-multi-image_gallery":[],"jnews_single_post":{"format":"standard"},"jnews_primary_category":[],"footnotes":"","jetpack_publicize_message":"","jetpack_publicize_feature_enabled":true,"jetpack_social_post_already_shared":true,"jetpack_social_options":{"image_generator_settings":{"template":"highway","default_image_id":0,"font":"","enabled":false},"version":2}},"categories":[103],"tags":[],"class_list":{"0":"post-1000016881","1":"post","2":"type-post","3":"status-publish","4":"format-standard","5":"has-post-thumbnail","7":"category-economia"},"jetpack_publicize_connections":[],"jetpack_featured_media_url":"https:\/\/i0.wp.com\/gazzettinoitalianopatagonico.com\/wp-content\/uploads\/2025\/05\/piedra-aguila-es-una-las-represas-las-que-se-le-vencio-su-concesion.webp?fit=730%2C363&ssl=1","jetpack_likes_enabled":true,"jetpack_sharing_enabled":true,"_links":{"self":[{"href":"https:\/\/gazzettinoitalianopatagonico.com\/index.php?rest_route=\/wp\/v2\/posts\/1000016881","targetHints":{"allow":["GET"]}}],"collection":[{"href":"https:\/\/gazzettinoitalianopatagonico.com\/index.php?rest_route=\/wp\/v2\/posts"}],"about":[{"href":"https:\/\/gazzettinoitalianopatagonico.com\/index.php?rest_route=\/wp\/v2\/types\/post"}],"author":[{"embeddable":true,"href":"https:\/\/gazzettinoitalianopatagonico.com\/index.php?rest_route=\/wp\/v2\/users\/1"}],"replies":[{"embeddable":true,"href":"https:\/\/gazzettinoitalianopatagonico.com\/index.php?rest_route=%2Fwp%2Fv2%2Fcomments&post=1000016881"}],"version-history":[{"count":1,"href":"https:\/\/gazzettinoitalianopatagonico.com\/index.php?rest_route=\/wp\/v2\/posts\/1000016881\/revisions"}],"predecessor-version":[{"id":1000016883,"href":"https:\/\/gazzettinoitalianopatagonico.com\/index.php?rest_route=\/wp\/v2\/posts\/1000016881\/revisions\/1000016883"}],"wp:featuredmedia":[{"embeddable":true,"href":"https:\/\/gazzettinoitalianopatagonico.com\/index.php?rest_route=\/wp\/v2\/media\/1000016882"}],"wp:attachment":[{"href":"https:\/\/gazzettinoitalianopatagonico.com\/index.php?rest_route=%2Fwp%2Fv2%2Fmedia&parent=1000016881"}],"wp:term":[{"taxonomy":"category","embeddable":true,"href":"https:\/\/gazzettinoitalianopatagonico.com\/index.php?rest_route=%2Fwp%2Fv2%2Fcategories&post=1000016881"},{"taxonomy":"post_tag","embeddable":true,"href":"https:\/\/gazzettinoitalianopatagonico.com\/index.php?rest_route=%2Fwp%2Fv2%2Ftags&post=1000016881"}],"curies":[{"name":"wp","href":"https:\/\/api.w.org\/{rel}","templated":true}]}}