{"id":1000016866,"date":"2025-05-06T15:45:43","date_gmt":"2025-05-06T18:45:43","guid":{"rendered":"https:\/\/gazzettinoitalianopatagonico.com\/?p=1000016866"},"modified":"2025-05-06T15:45:45","modified_gmt":"2025-05-06T18:45:45","slug":"tutto-pronto-per-il-conclave-i-133-cardinali-elettori-sono-a-roma","status":"publish","type":"post","link":"https:\/\/gazzettinoitalianopatagonico.com\/?p=1000016866","title":{"rendered":"Tutto pronto per il Conclave: i 133 cardinali elettori sono a Roma"},"content":{"rendered":"\n<p>I 133 cardinali elettori sono ormai tutti presenti a Roma: lo ha riferito il direttore della sala stampa della Santa Sede, Matteo Bruni. Durante un incontro con i cronisti, il responsabile ha fornito aggiornamenti in vista del conclave, al via mercoled\u00ec. Sabato scorso si \u00e8 proceduto al sorteggio delle stanze, ha detto Bruni: tutti i cardinali elettori saranno alloggiati tra la residenza di Santa Marta e l&#8217;adiacente &#8216;Santa Marta vecchia&#8217;. Il direttore ha aggiunto che i lavori nella Cappella sistina, dove si terr\u00e0 il conclave chiamato a scegliere il successore di papa Francesco, sono in via di completamento. Lo stesso vale per Santa Marta e Santa Marta Vecchia: chi tra gli elettori volesse, potr\u00e0 trasferirsi anche domani mattina negli alloggi assegnati. La Cappella Sistina, intanto, ha riferito il direttore, \u00e8 stata messa in sicurezza dalla Gendarmeria vaticana.<\/p>\n\n\n\n<p>Una figura che sia \u00abpresente, vicina, capace di fare da ponte e guida\u00bb, ispirando \u00abuna umanit\u00e0 disorientata e segnata dalla crisi dell&#8217;ordine mondiale\u00bb: questo l&#8217;identikit del nuovo Papa emerso nel dibattito in seno alla decima congregazione generale dei cardinali che si \u00e8 tenuta stamane in Vaticano. Ad aggiornare sui contenuti della riunione, a due giorni dall&#8217;avvio del conclave per eleggere il successore di Francesco, \u00e8 stato il direttore della sala stampa della Santa Sede Matteo Bruni. \u00abSi \u00e8 parlato anche del profilo del futuro Papa\u00bb ha sottolineato il responsabile: \u00abUna figura che deve essere presente, vicina, capace di fare da ponte e guida, di favorire l&#8217;accesso alla comunione a un&#8217;umanit\u00e0 disorientata e segnata dalla crisi dell&#8217;ordine mondiale\u00bb.<\/p>\n\n\n\n<p>E ancora: \u00abUn pastore vicino alla vita concreta delle persone\u00bb. Molte le \u00absfide\u00bb richiamate dai cardinali, secondo il direttore: \u00abLa trasmissione della fede, la cura del creato, la guerra e la frammentazione del mondo\u00bb. Bruni ha aggiunto: \u00ab\u00c8 stata espressa una forte preoccupazione per le divisioni all&#8217;interno della Chiesa stessa; non sono mancati riferimenti alle vocazioni, alla famiglia, e alla responsabilit\u00e0 educativa verso i figli\u00bb. Negli aggiornamenti, comunicati anche attraverso una nota, si riferisce che \u00abdurante la sessione si sono susseguiti 26 interventi, che hanno toccato temi centrali per la vita e la missione della Chiesa oggi\u00bb. Ancora Bruni: \u00abSi \u00e8 riflettuto sul diritto canonico e sul ruolo dello Stato della Citt\u00e0 del Vaticano, ma soprattutto si \u00e8 sottolineata la natura missionaria della Chiesa; una Chiesa che non si deve ripiegare su s\u00e9 stessa, ma accompagnare ogni uomo e ogni donna verso l&#8217;esperienza viva del mistero di Dio\u00bb.<\/p>\n\n\n\n<p>A poche dall&#8217;avvio del conclave, la loggia centrale della basilica di San Pietro \u00e8 stata addobbata con i tradizionali drappi rossi in vista dell'\u00bbHabemus papam\u00bb. Da qui, infatti, il neoeletto pontefice impartir\u00e0 la benedizione Urbi et Orbi dopo essersi presentato al mondo.<\/p>\n\n\n\n<p>Vincenzo Giardina<\/p>\n","protected":false},"excerpt":{"rendered":"<p>I 133 cardinali elettori sono ormai tutti presenti a Roma: lo ha riferito il direttore della sala stampa della Santa Sede, Matteo Bruni. Durante un incontro con i cronisti, il responsabile ha fornito aggiornamenti in vista del conclave, al via mercoled\u00ec. Sabato scorso si \u00e8 proceduto al sorteggio delle stanze, ha detto Bruni: tutti i [&hellip;]<\/p>\n","protected":false},"author":1,"featured_media":1000016867,"comment_status":"closed","ping_status":"closed","sticky":false,"template":"","format":"standard","meta":{"content-type":"","_jetpack_memberships_contains_paid_content":false,"jnews-multi-image_gallery":[],"jnews_single_post":{"format":"standard"},"jnews_primary_category":[],"footnotes":"","jetpack_publicize_message":"","jetpack_publicize_feature_enabled":true,"jetpack_social_post_already_shared":true,"jetpack_social_options":{"image_generator_settings":{"template":"highway","default_image_id":0,"font":"","enabled":false},"version":2}},"categories":[255],"tags":[],"class_list":{"0":"post-1000016866","1":"post","2":"type-post","3":"status-publish","4":"format-standard","5":"has-post-thumbnail","7":"category-sociales"},"jetpack_publicize_connections":[],"jetpack_featured_media_url":"https:\/\/i0.wp.com\/gazzettinoitalianopatagonico.com\/wp-content\/uploads\/2025\/05\/Imagoeconomica_222463-1024x672-1.jpg?fit=1024%2C672&ssl=1","jetpack_likes_enabled":true,"jetpack_sharing_enabled":true,"_links":{"self":[{"href":"https:\/\/gazzettinoitalianopatagonico.com\/index.php?rest_route=\/wp\/v2\/posts\/1000016866","targetHints":{"allow":["GET"]}}],"collection":[{"href":"https:\/\/gazzettinoitalianopatagonico.com\/index.php?rest_route=\/wp\/v2\/posts"}],"about":[{"href":"https:\/\/gazzettinoitalianopatagonico.com\/index.php?rest_route=\/wp\/v2\/types\/post"}],"author":[{"embeddable":true,"href":"https:\/\/gazzettinoitalianopatagonico.com\/index.php?rest_route=\/wp\/v2\/users\/1"}],"replies":[{"embeddable":true,"href":"https:\/\/gazzettinoitalianopatagonico.com\/index.php?rest_route=%2Fwp%2Fv2%2Fcomments&post=1000016866"}],"version-history":[{"count":1,"href":"https:\/\/gazzettinoitalianopatagonico.com\/index.php?rest_route=\/wp\/v2\/posts\/1000016866\/revisions"}],"predecessor-version":[{"id":1000016868,"href":"https:\/\/gazzettinoitalianopatagonico.com\/index.php?rest_route=\/wp\/v2\/posts\/1000016866\/revisions\/1000016868"}],"wp:featuredmedia":[{"embeddable":true,"href":"https:\/\/gazzettinoitalianopatagonico.com\/index.php?rest_route=\/wp\/v2\/media\/1000016867"}],"wp:attachment":[{"href":"https:\/\/gazzettinoitalianopatagonico.com\/index.php?rest_route=%2Fwp%2Fv2%2Fmedia&parent=1000016866"}],"wp:term":[{"taxonomy":"category","embeddable":true,"href":"https:\/\/gazzettinoitalianopatagonico.com\/index.php?rest_route=%2Fwp%2Fv2%2Fcategories&post=1000016866"},{"taxonomy":"post_tag","embeddable":true,"href":"https:\/\/gazzettinoitalianopatagonico.com\/index.php?rest_route=%2Fwp%2Fv2%2Ftags&post=1000016866"}],"curies":[{"name":"wp","href":"https:\/\/api.w.org\/{rel}","templated":true}]}}