{"id":1000016850,"date":"2025-05-06T08:49:36","date_gmt":"2025-05-06T11:49:36","guid":{"rendered":"https:\/\/gazzettinoitalianopatagonico.com\/?p=1000016850"},"modified":"2025-05-06T08:49:38","modified_gmt":"2025-05-06T11:49:38","slug":"economia-del-mare-petrucci-fdi-un-intergruppo-parlamentare-per-liberare-le-potenzialita-del-settore","status":"publish","type":"post","link":"https:\/\/gazzettinoitalianopatagonico.com\/?p=1000016850","title":{"rendered":"Economia del Mare, Petrucci (Fdi): \u00abUn intergruppo parlamentare per liberare le potenzialit\u00e0 del settore\u00bb"},"content":{"rendered":"\n<p>\u00abL&#8217;Intergruppo parlamentare per l&#8217;Economia del Mare, che presentiamo oggi, nasce con l&#8217;obiettivo di dare un supporto concreto in termini di progetti, iniziative, dati e studi sul settore, cos\u00ec da produrre proposte operative che possano anche tradursi in iniziative legislative mirate ed efficaci\u00bb. \u00c8 quanto dichiarato dalla senatrice Simona Petrucci, presidente dell&#8217;intergruppo, nel corso della conferenza stampa di presentazione tenutasi in Senato, alla presenza di autorevoli rappresentanze militari, istituzionali e associative e dei due vicepresidenti Lorenzo Basso e Gianluca Cantalamessa.<\/p>\n\n\n\n<p>\u00abParliamo di un settore &#8211; ha proseguito &#8211; che si sviluppa lungo 8mila km di costa, che genera un valore totale che raggiunge i 178 miliardi di euro, pari a circa il 10% del Pil nazionale, con 227mila imprese e oltre un milione di occupati. Abbiamo gi\u00e0 cominciato a stilare una prima lista di temi chiave su cui vogliamo concentrare il nostro lavoro e per questo ringrazio i 41 parlamentari di tutti i colori politici e di ogni parte d&#8217;Italia che hanno aderito all&#8217;intergruppo: una trasversalit\u00e0 che sar\u00e0 il nostro punto di forza. Avremo con noi, inoltre, un comitato tecnico di supporto che ci consentir\u00e0 di approfondire ogni tematica con rigore e professionalit\u00e0. Dalla pesca sostenibile alla portualit\u00e0, dal lavoro alla formazione, dall&#8217;innovazione alla semplificazione della burocrazia: su questi e altri aspetti siamo pronti a dare il nostro contributo fattivo. Ringrazio di nuovo il ministro Musumeci &#8211; ha concluso la senatrice di Fratelli d&#8217;Italia &#8211; perch\u00e9 per merito suo e di questo governo il mare \u00e8 finalmente tornato al centro dell&#8217;agenda politica del nostro Paese. Come da lui affermato, questo intergruppo sar\u00e0 un laboratorio di proposte e di idee per lo sviluppo della blue economy\u00bb.<\/p>\n","protected":false},"excerpt":{"rendered":"<p>\u00abL&#8217;Intergruppo parlamentare per l&#8217;Economia del Mare, che presentiamo oggi, nasce con l&#8217;obiettivo di dare un supporto concreto in termini di progetti, iniziative, dati e studi sul settore, cos\u00ec da produrre proposte operative che possano anche tradursi in iniziative legislative mirate ed efficaci\u00bb. \u00c8 quanto dichiarato dalla senatrice Simona Petrucci, presidente dell&#8217;intergruppo, nel corso della conferenza [&hellip;]<\/p>\n","protected":false},"author":1,"featured_media":4046,"comment_status":"closed","ping_status":"closed","sticky":false,"template":"","format":"standard","meta":{"content-type":"","_jetpack_memberships_contains_paid_content":false,"jnews-multi-image_gallery":[],"jnews_single_post":{"format":"standard"},"jnews_primary_category":[],"footnotes":"","jetpack_publicize_message":"","jetpack_publicize_feature_enabled":true,"jetpack_social_post_already_shared":true,"jetpack_social_options":{"image_generator_settings":{"template":"highway","default_image_id":0,"font":"","enabled":false},"version":2}},"categories":[46,32],"tags":[],"class_list":{"0":"post-1000016850","1":"post","2":"type-post","3":"status-publish","4":"format-standard","5":"has-post-thumbnail","7":"category-italia","8":"category-politica"},"jetpack_publicize_connections":[],"jetpack_featured_media_url":"https:\/\/i0.wp.com\/gazzettinoitalianopatagonico.com\/wp-content\/uploads\/2024\/05\/simona-petrucci-fid-siena-toscana%40sn2022.jpeg?fit=1024%2C768&ssl=1","jetpack_likes_enabled":true,"jetpack_sharing_enabled":true,"_links":{"self":[{"href":"https:\/\/gazzettinoitalianopatagonico.com\/index.php?rest_route=\/wp\/v2\/posts\/1000016850","targetHints":{"allow":["GET"]}}],"collection":[{"href":"https:\/\/gazzettinoitalianopatagonico.com\/index.php?rest_route=\/wp\/v2\/posts"}],"about":[{"href":"https:\/\/gazzettinoitalianopatagonico.com\/index.php?rest_route=\/wp\/v2\/types\/post"}],"author":[{"embeddable":true,"href":"https:\/\/gazzettinoitalianopatagonico.com\/index.php?rest_route=\/wp\/v2\/users\/1"}],"replies":[{"embeddable":true,"href":"https:\/\/gazzettinoitalianopatagonico.com\/index.php?rest_route=%2Fwp%2Fv2%2Fcomments&post=1000016850"}],"version-history":[{"count":1,"href":"https:\/\/gazzettinoitalianopatagonico.com\/index.php?rest_route=\/wp\/v2\/posts\/1000016850\/revisions"}],"predecessor-version":[{"id":1000016851,"href":"https:\/\/gazzettinoitalianopatagonico.com\/index.php?rest_route=\/wp\/v2\/posts\/1000016850\/revisions\/1000016851"}],"wp:featuredmedia":[{"embeddable":true,"href":"https:\/\/gazzettinoitalianopatagonico.com\/index.php?rest_route=\/wp\/v2\/media\/4046"}],"wp:attachment":[{"href":"https:\/\/gazzettinoitalianopatagonico.com\/index.php?rest_route=%2Fwp%2Fv2%2Fmedia&parent=1000016850"}],"wp:term":[{"taxonomy":"category","embeddable":true,"href":"https:\/\/gazzettinoitalianopatagonico.com\/index.php?rest_route=%2Fwp%2Fv2%2Fcategories&post=1000016850"},{"taxonomy":"post_tag","embeddable":true,"href":"https:\/\/gazzettinoitalianopatagonico.com\/index.php?rest_route=%2Fwp%2Fv2%2Ftags&post=1000016850"}],"curies":[{"name":"wp","href":"https:\/\/api.w.org\/{rel}","templated":true}]}}