{"id":1000016848,"date":"2025-05-06T08:46:08","date_gmt":"2025-05-06T11:46:08","guid":{"rendered":"https:\/\/gazzettinoitalianopatagonico.com\/?p=1000016848"},"modified":"2025-05-06T08:46:10","modified_gmt":"2025-05-06T11:46:10","slug":"stadi-marcheschi-fdi-piano-nazionale-per-colmare-gap-italiano","status":"publish","type":"post","link":"https:\/\/gazzettinoitalianopatagonico.com\/?p=1000016848","title":{"rendered":"Stadi. Marcheschi (FdI): Piano nazionale per colmare gap italiano"},"content":{"rendered":"\n<p>\u00abLe parole del presidente della Uefa Aleksander Ceferin sull&#8217;inadeguatezza degli stadi italiani fanno male, ma immortalano purtroppo la realt\u00e0. Le precedenti leggi sugli stadi non hanno sortito i risultati sperati, \u00e8 dunque arrivato il momento di un decreto ad hoc che individui modalit\u00e0 certe e veloci per realizzare impianti moderni, comodi e multifunzionali. Gli impianti, d&#8217;altronde, devono essere luoghi di incontro tra sport e musica, cultura e socialit\u00e0 di vario genere. A tal proposito, trovo assurdo che a Sud di Roma manchino dei palazzetti in grado di ospitare eventi medio-grandi: alcuni cantanti, ad esempio, non possono esibirsi al Meridione per assenza di infrastrutture adeguate. \u00c8 ora di colmare, attraverso un piano nazionale, un gap con il resto d&#8217;Europa che riguarda gli stadi pi\u00f9 grandi, quelli pi\u00f9 piccoli nonch\u00e9 i palazzetti. Pertanto, ritengo necessario snellire i processi burocratici, aiutare i sindaci e attuare meccanismi virtuosi che favoriscano l&#8217;ingresso del capitale privato negli investimenti degli stadi. Ci auguriamo che questi siano gli elementi fondanti, come del resto annunciato dal ministro Abodi, del decreto Sport di prossima emanazione\u00bb.<\/p>\n\n\n\n<p>Cos\u00ec in una nota il senatore di Fratelli d&#8217;Italia Paolo Marcheschi, responsabile nazionale Sport del partito e relatore dell&#8217;atto assegnato sul calcio.<\/p>\n","protected":false},"excerpt":{"rendered":"<p>\u00abLe parole del presidente della Uefa Aleksander Ceferin sull&#8217;inadeguatezza degli stadi italiani fanno male, ma immortalano purtroppo la realt\u00e0. Le precedenti leggi sugli stadi non hanno sortito i risultati sperati, \u00e8 dunque arrivato il momento di un decreto ad hoc che individui modalit\u00e0 certe e veloci per realizzare impianti moderni, comodi e multifunzionali. Gli impianti, [&hellip;]<\/p>\n","protected":false},"author":1,"featured_media":37,"comment_status":"closed","ping_status":"closed","sticky":false,"template":"","format":"standard","meta":{"content-type":"","_jetpack_memberships_contains_paid_content":false,"jnews-multi-image_gallery":[],"jnews_single_post":{"format":"standard"},"jnews_primary_category":[],"footnotes":"","jetpack_publicize_message":"","jetpack_publicize_feature_enabled":true,"jetpack_social_post_already_shared":true,"jetpack_social_options":{"image_generator_settings":{"template":"highway","default_image_id":0,"font":"","enabled":false},"version":2}},"categories":[46,32],"tags":[],"class_list":{"0":"post-1000016848","1":"post","2":"type-post","3":"status-publish","4":"format-standard","5":"has-post-thumbnail","7":"category-italia","8":"category-politica"},"jetpack_publicize_connections":[],"jetpack_featured_media_url":"https:\/\/i0.wp.com\/gazzettinoitalianopatagonico.com\/wp-content\/uploads\/2024\/03\/Marcheschi-lvdp.webp?fit=1200%2C628&ssl=1","jetpack_likes_enabled":true,"jetpack_sharing_enabled":true,"_links":{"self":[{"href":"https:\/\/gazzettinoitalianopatagonico.com\/index.php?rest_route=\/wp\/v2\/posts\/1000016848","targetHints":{"allow":["GET"]}}],"collection":[{"href":"https:\/\/gazzettinoitalianopatagonico.com\/index.php?rest_route=\/wp\/v2\/posts"}],"about":[{"href":"https:\/\/gazzettinoitalianopatagonico.com\/index.php?rest_route=\/wp\/v2\/types\/post"}],"author":[{"embeddable":true,"href":"https:\/\/gazzettinoitalianopatagonico.com\/index.php?rest_route=\/wp\/v2\/users\/1"}],"replies":[{"embeddable":true,"href":"https:\/\/gazzettinoitalianopatagonico.com\/index.php?rest_route=%2Fwp%2Fv2%2Fcomments&post=1000016848"}],"version-history":[{"count":1,"href":"https:\/\/gazzettinoitalianopatagonico.com\/index.php?rest_route=\/wp\/v2\/posts\/1000016848\/revisions"}],"predecessor-version":[{"id":1000016849,"href":"https:\/\/gazzettinoitalianopatagonico.com\/index.php?rest_route=\/wp\/v2\/posts\/1000016848\/revisions\/1000016849"}],"wp:featuredmedia":[{"embeddable":true,"href":"https:\/\/gazzettinoitalianopatagonico.com\/index.php?rest_route=\/wp\/v2\/media\/37"}],"wp:attachment":[{"href":"https:\/\/gazzettinoitalianopatagonico.com\/index.php?rest_route=%2Fwp%2Fv2%2Fmedia&parent=1000016848"}],"wp:term":[{"taxonomy":"category","embeddable":true,"href":"https:\/\/gazzettinoitalianopatagonico.com\/index.php?rest_route=%2Fwp%2Fv2%2Fcategories&post=1000016848"},{"taxonomy":"post_tag","embeddable":true,"href":"https:\/\/gazzettinoitalianopatagonico.com\/index.php?rest_route=%2Fwp%2Fv2%2Ftags&post=1000016848"}],"curies":[{"name":"wp","href":"https:\/\/api.w.org\/{rel}","templated":true}]}}