{"id":1000016818,"date":"2025-05-05T12:59:59","date_gmt":"2025-05-05T15:59:59","guid":{"rendered":"https:\/\/gazzettinoitalianopatagonico.com\/?p=1000016818"},"modified":"2025-05-05T13:00:01","modified_gmt":"2025-05-05T16:00:01","slug":"dominique-mamberti-il-cardinale-dellhabemus-papam","status":"publish","type":"post","link":"https:\/\/gazzettinoitalianopatagonico.com\/?p=1000016818","title":{"rendered":"Dominique Mamberti, il cardinale dell'\u00bbHabemus Papam\u00bb"},"content":{"rendered":"\n<p>Figlio di genitori originari della Corsica, nato in Marocco in epoca coloniale, divenuto arcivescovo francese e con papa Benedetto XVI segretario per i Rapporti con gli Stati: \u00e8 l&#8217;identikit di Dominique Mamberti, il cardinale protodiacono che avr\u00e0 il compito di pronunciare la frase \u00abHabemus papam\u00bb. Settantatre anni, il porporato \u00e8 da tempo una figura di spicco della diplomazia vaticana. \u00c8 divenuto segretario per i Rapporti con gli Stati nel 2006 prima di assumere lo scorso anno il ruolo di protodiacono: colui che, appunto, \u00e8 incaricato di presentare al mondo il nuovo pontefice a elezione avvenuta. \u00abAnnuntio vobis gaudium magnum: habemus Papam\u00bb, questa la formula prevista in latino. In italiano si traduce come \u00abVi annuncio una grande gioia: abbiamo il Papa\u00bb. A conclave ormai chiuso, dopo la fumata bianca che avr\u00e0 annunciato l&#8217;elezione avvenuta, Mamberti presenter\u00e0 il nuovo pontefice e comunicher\u00e0 il nome che si sar\u00e0 dato. A questo punto il neo-papa si affaccer\u00e0 dalla loggia centrale della basilica di San Pietro per rivolgere il saluto ai fedeli e impartire la sua prima benedizione \u00abUrbi et orbi\u00bb. Ma come mai proprio Mamberti? La ragione sta nelle norme della costituzione apostolica: nell&#8217;ottobre 2024 il cardinale \u00e8 divenuto il porporato pi\u00f9 anziano appartenente all&#8217;ordine dei diaconi, uno dei tre che compongono il collegio cardinalizio insieme a quello dei presbiteri e a quello dei vescovi. C&#8217;\u00e8 per\u00f2 una possibile variante di programma: se a diventare pontefice fosse proprio Mamberti, a pronunciare l'\u00bbhabemus papam\u00bb non sarebbe lui ma un suo sostituto.<\/p>\n\n\n\n<p>Vincenzo Giardina<\/p>\n","protected":false},"excerpt":{"rendered":"<p>Figlio di genitori originari della Corsica, nato in Marocco in epoca coloniale, divenuto arcivescovo francese e con papa Benedetto XVI segretario per i Rapporti con gli Stati: \u00e8 l&#8217;identikit di Dominique Mamberti, il cardinale protodiacono che avr\u00e0 il compito di pronunciare la frase \u00abHabemus papam\u00bb. Settantatre anni, il porporato \u00e8 da tempo una figura di [&hellip;]<\/p>\n","protected":false},"author":1,"featured_media":1000016819,"comment_status":"closed","ping_status":"closed","sticky":false,"template":"","format":"standard","meta":{"content-type":"","_jetpack_memberships_contains_paid_content":false,"jnews-multi-image_gallery":[],"jnews_single_post":{"format":"standard"},"jnews_primary_category":[],"footnotes":"","jetpack_publicize_message":"","jetpack_publicize_feature_enabled":true,"jetpack_social_post_already_shared":true,"jetpack_social_options":{"image_generator_settings":{"template":"highway","default_image_id":0,"font":"","enabled":false},"version":2}},"categories":[255],"tags":[],"class_list":{"0":"post-1000016818","1":"post","2":"type-post","3":"status-publish","4":"format-standard","5":"has-post-thumbnail","7":"category-sociales"},"jetpack_publicize_connections":[],"jetpack_featured_media_url":"https:\/\/i0.wp.com\/gazzettinoitalianopatagonico.com\/wp-content\/uploads\/2025\/05\/Imagoeconomica_783106-FILEminimizer.jpg?fit=720%2C480&ssl=1","jetpack_likes_enabled":true,"jetpack_sharing_enabled":true,"_links":{"self":[{"href":"https:\/\/gazzettinoitalianopatagonico.com\/index.php?rest_route=\/wp\/v2\/posts\/1000016818","targetHints":{"allow":["GET"]}}],"collection":[{"href":"https:\/\/gazzettinoitalianopatagonico.com\/index.php?rest_route=\/wp\/v2\/posts"}],"about":[{"href":"https:\/\/gazzettinoitalianopatagonico.com\/index.php?rest_route=\/wp\/v2\/types\/post"}],"author":[{"embeddable":true,"href":"https:\/\/gazzettinoitalianopatagonico.com\/index.php?rest_route=\/wp\/v2\/users\/1"}],"replies":[{"embeddable":true,"href":"https:\/\/gazzettinoitalianopatagonico.com\/index.php?rest_route=%2Fwp%2Fv2%2Fcomments&post=1000016818"}],"version-history":[{"count":1,"href":"https:\/\/gazzettinoitalianopatagonico.com\/index.php?rest_route=\/wp\/v2\/posts\/1000016818\/revisions"}],"predecessor-version":[{"id":1000016820,"href":"https:\/\/gazzettinoitalianopatagonico.com\/index.php?rest_route=\/wp\/v2\/posts\/1000016818\/revisions\/1000016820"}],"wp:featuredmedia":[{"embeddable":true,"href":"https:\/\/gazzettinoitalianopatagonico.com\/index.php?rest_route=\/wp\/v2\/media\/1000016819"}],"wp:attachment":[{"href":"https:\/\/gazzettinoitalianopatagonico.com\/index.php?rest_route=%2Fwp%2Fv2%2Fmedia&parent=1000016818"}],"wp:term":[{"taxonomy":"category","embeddable":true,"href":"https:\/\/gazzettinoitalianopatagonico.com\/index.php?rest_route=%2Fwp%2Fv2%2Fcategories&post=1000016818"},{"taxonomy":"post_tag","embeddable":true,"href":"https:\/\/gazzettinoitalianopatagonico.com\/index.php?rest_route=%2Fwp%2Fv2%2Ftags&post=1000016818"}],"curies":[{"name":"wp","href":"https:\/\/api.w.org\/{rel}","templated":true}]}}