{"id":1000016727,"date":"2025-05-05T00:08:43","date_gmt":"2025-05-05T03:08:43","guid":{"rendered":"https:\/\/gazzettinoitalianopatagonico.com\/?p=1000016727"},"modified":"2025-05-05T00:08:45","modified_gmt":"2025-05-05T03:08:45","slug":"giuli-al-comicon-di-napoli-il-mio-personaggio-preferito-andy-capp","status":"publish","type":"post","link":"https:\/\/gazzettinoitalianopatagonico.com\/?p=1000016727","title":{"rendered":"Giuli al Comicon di Napoli: \u00abIl mio personaggio preferito? Andy Capp\u00bb"},"content":{"rendered":"\n<p>\u00abIo ho un po&#8217; di anni, se oggi vi dicessi Andy Capp forse non tutti voi lo ricordereste. E poi tutta la grande tradizione di fumetti italiani: Andrea Pazienza, di cui non sono un contemporaneo ma che ho conosciuto e apprezzato e ho cercato di valorizzare al museo Maxxi, insieme a Iacovitti che \u00e8 un eroe, un gigante del fumetto italiano e della storia del fumetto italiano\u00bb. Cos\u00ec Alessandro Giuli, ministro della Cultura, rispondendo dal COMICON di Napoli sul suo rapporto con i fumetti. Qui \u00abc&#8217;\u00e8 lo stand del ministero della Cultura a dimostrazione del fatto che questo nuovo Mic ha una maggiore attenzione rispetto ai giovani e al linguaggio del fumetto, che \u00e8 un linguaggio di creativit\u00e0 contemporanea formidabile che intercetta le aspirazioni, i desideri, l&#8217;immaginario delle giovanissime generazioni ed \u00e8 a loro che dobbiamo rivolgere la nostra cura, la nostra attenzione, il nostro pensiero, i nostri investimenti\u00bb, ha proseguito Giuli. Giuli, in compagnia della moglie e dei due figli, ha passeggiato per gli stand della fiera accompagnato dal presidente di COMICON Claudio Curcio. Investire sui fumetti a Napoli, ha spiegato il ministro \u00abha un valore particolare, senza nulla togliere al Lucca Comics e altre manifestazioni che sono fondamentali in tutta Italia, farlo a Napoli in questo momento ha un significato particolare perch\u00e9 Napoli \u00e8 una citt\u00e0 giovane e dinamica, piena di promesse che bisogna mantenere\u00bb. La presenza del Ministero alla manifestazione rappresenta un&#8217;importante occasione per rafforzare il dialogo con il pubblico pi\u00f9 giovane, in coerenza con la missione istituzionale di promuovere la diffusione della cultura e favorirne l&#8217;accesso da parte delle nuove generazioni. In quest&#8217;ottica, il MiC presenter\u00e0 durante l&#8217;evento le Carte Cultura, strumenti fondamentali per incentivare l&#8217;interesse dei ragazzi verso il mondo culturale e supportarne le passioni, incluso l&#8217;universo del fumetto. Presso il Padiglione 2, lo stand istituzionale del MiC accoglier\u00e0 i visitatori offrendo informazioni dettagliate sulla Carta della Cultura Giovani e sulla Carta del Merito, due misure pensate per facilitare l&#8217;accesso a un&#8217;ampia gamma di beni e servizi culturali. Tra questi: fumetti, manga e graphic novel \u2013 linguaggi ormai imprescindibili della cultura pop e tra i pi\u00f9 amati dal pubblico giovane.<\/p>\n\n\n\n<p>Per maggiori informazioni&nbsp;<a href=\"http:\/\/www.cartegiovani.cultura.gov.it\/\" target=\"_blank\" rel=\"noreferrer noopener\">www.cartegiovani.cultura.gov.it<\/a>.<\/p>\n\n\n\n<p>Elisa Manacorda<\/p>\n","protected":false},"excerpt":{"rendered":"<p>\u00abIo ho un po&#8217; di anni, se oggi vi dicessi Andy Capp forse non tutti voi lo ricordereste. E poi tutta la grande tradizione di fumetti italiani: Andrea Pazienza, di cui non sono un contemporaneo ma che ho conosciuto e apprezzato e ho cercato di valorizzare al museo Maxxi, insieme a Iacovitti che \u00e8 un [&hellip;]<\/p>\n","protected":false},"author":1,"featured_media":1000016728,"comment_status":"closed","ping_status":"closed","sticky":false,"template":"","format":"standard","meta":{"content-type":"","_jetpack_memberships_contains_paid_content":false,"jnews-multi-image_gallery":[],"jnews_single_post":{"format":"standard"},"jnews_primary_category":[],"footnotes":"","jetpack_publicize_message":"","jetpack_publicize_feature_enabled":true,"jetpack_social_post_already_shared":true,"jetpack_social_options":{"image_generator_settings":{"template":"highway","default_image_id":0,"font":"","enabled":false},"version":2}},"categories":[9],"tags":[],"class_list":{"0":"post-1000016727","1":"post","2":"type-post","3":"status-publish","4":"format-standard","5":"has-post-thumbnail","7":"category-cultura"},"jetpack_publicize_connections":[],"jetpack_featured_media_url":"https:\/\/i0.wp.com\/gazzettinoitalianopatagonico.com\/wp-content\/uploads\/2025\/05\/giuli-comicon-1024x657-1.jpeg?fit=1024%2C657&ssl=1","jetpack_likes_enabled":true,"jetpack_sharing_enabled":true,"_links":{"self":[{"href":"https:\/\/gazzettinoitalianopatagonico.com\/index.php?rest_route=\/wp\/v2\/posts\/1000016727","targetHints":{"allow":["GET"]}}],"collection":[{"href":"https:\/\/gazzettinoitalianopatagonico.com\/index.php?rest_route=\/wp\/v2\/posts"}],"about":[{"href":"https:\/\/gazzettinoitalianopatagonico.com\/index.php?rest_route=\/wp\/v2\/types\/post"}],"author":[{"embeddable":true,"href":"https:\/\/gazzettinoitalianopatagonico.com\/index.php?rest_route=\/wp\/v2\/users\/1"}],"replies":[{"embeddable":true,"href":"https:\/\/gazzettinoitalianopatagonico.com\/index.php?rest_route=%2Fwp%2Fv2%2Fcomments&post=1000016727"}],"version-history":[{"count":1,"href":"https:\/\/gazzettinoitalianopatagonico.com\/index.php?rest_route=\/wp\/v2\/posts\/1000016727\/revisions"}],"predecessor-version":[{"id":1000016729,"href":"https:\/\/gazzettinoitalianopatagonico.com\/index.php?rest_route=\/wp\/v2\/posts\/1000016727\/revisions\/1000016729"}],"wp:featuredmedia":[{"embeddable":true,"href":"https:\/\/gazzettinoitalianopatagonico.com\/index.php?rest_route=\/wp\/v2\/media\/1000016728"}],"wp:attachment":[{"href":"https:\/\/gazzettinoitalianopatagonico.com\/index.php?rest_route=%2Fwp%2Fv2%2Fmedia&parent=1000016727"}],"wp:term":[{"taxonomy":"category","embeddable":true,"href":"https:\/\/gazzettinoitalianopatagonico.com\/index.php?rest_route=%2Fwp%2Fv2%2Fcategories&post=1000016727"},{"taxonomy":"post_tag","embeddable":true,"href":"https:\/\/gazzettinoitalianopatagonico.com\/index.php?rest_route=%2Fwp%2Fv2%2Ftags&post=1000016727"}],"curies":[{"name":"wp","href":"https:\/\/api.w.org\/{rel}","templated":true}]}}