{"id":1000016721,"date":"2025-05-04T23:59:15","date_gmt":"2025-05-05T02:59:15","guid":{"rendered":"https:\/\/gazzettinoitalianopatagonico.com\/?p=1000016721"},"modified":"2025-05-04T23:59:17","modified_gmt":"2025-05-05T02:59:17","slug":"cobre-el-proyecto-mara-de-glencore-cada-vez-mas-cerca-del-rigi","status":"publish","type":"post","link":"https:\/\/gazzettinoitalianopatagonico.com\/?p=1000016721","title":{"rendered":"Cobre: el proyecto MARA de Glencore, cada vez m\u00e1s cerca del RIGI"},"content":{"rendered":"\n<p>El gobernador de Catamarca, Ra\u00fal Alejandro Jalil, mantuvo una reuni\u00f3n clave con ejecutivos de la multinacional minera Glencore para dialogar sobre los planes de desarrollo del ambicioso proyecto de cobre MARA, una iniciativa de gran envergadura que combina la infraestructura de la ex Mina Alumbrera y el yacimiento Agua Rica. En este marco, las autoridades de la empresa comunicaron al mandatario provincial que se encuentran evaluando activamente la presentaci\u00f3n del proyecto para su adhesi\u00f3n al R\u00e9gimen de Incentivo de Grandes Inversiones (RIGI). El gobernador destac\u00f3 el trabajo de articulaci\u00f3n conjunta que su administraci\u00f3n viene llevando adelante con Glencore para facilitar el avance de las inversiones mineras en la provincia. Durante el encuentro, se abord\u00f3 la significativa ventana de oportunidad que presenta la regi\u00f3n como productora de cobre y la importancia de establecer las condiciones propicias para materializar ese potencial.<\/p>\n\n\n\n<p>El impacto de MARA en Catamarca<\/p>\n\n\n\n<p>\u00abMARA es un proyecto que aporta valor a nuestra provincia, la regi\u00f3n y el pa\u00eds, promoviendo el desarrollo sostenible y posicionando a nuestro sector minero en el escenario a nivel mundial\u00bb, enfatiz\u00f3 el gobernador, resaltando la relevancia estrat\u00e9gica de la iniciativa. Por su parte, P\u00e9rez de Solay, vocero de Glencore, se\u00f1al\u00f3 que \u00abcomo una de las mayores compa\u00f1\u00edas de recursos naturales diversificados del mundo, Glencore busca desarrollar proyectos de clase mundial alineados a su prop\u00f3sito de seguir contribuyendo desde la innovaci\u00f3n, las buenas pr\u00e1cticas y el talento a la construcci\u00f3n de un mundo m\u00e1s evolucionado. Trabajamos para generar un impacto positivo en la econom\u00eda local y nacional con la convicci\u00f3n de que Argentina puede y debe convertirse en uno de los principales centros de inter\u00e9s minero de la regi\u00f3n\u00bb. El proyecto MARA, por su magnitud y la sinergia que genera al combinar la infraestructura existente con un nuevo yacimiento, representa un importante motor para el desarrollo socioecon\u00f3mico y de infraestructura de la provincia de Catamarca.<\/p>\n\n\n\n<p>Obras para Andalgal\u00e1<\/p>\n\n\n\n<p>En otro tramo de la reuni\u00f3n, se inform\u00f3 al gobernador sobre avances concretos para la comunidad de Andalgal\u00e1, una zona clave para el desarrollo minero en la provincia. Se anunci\u00f3 que en los pr\u00f3ximos d\u00edas el Ministerio de Agua, Energ\u00eda y Medio Ambiente y Glencore Argentina firmar\u00e1n un convenio para finalizar la refuncionalizaci\u00f3n de la Planta Potabilizadora de Agua en Choya, una obra largamente esperada por los vecinos que significar\u00e1 una mejora sustancial en el servicio. Adem\u00e1s, se comunic\u00f3 que, con fondos provinciales provenientes de la actividad minera, a fines de mayo se reactivar\u00e1 la obra de asfalto en la Ruta Provincial N\u00b0 47, en el tramo Chaquiago-Choya. Se estima que esta importante obra de infraestructura vial estar\u00e1 finalizada durante el segundo semestre del presente a\u00f1o. Cabe recordar que, a principios de este a\u00f1o, ya se hab\u00eda completado la pavimentaci\u00f3n de la secci\u00f3n Chaquiago-El Potrero en la Ruta Provincial N\u00b0 113, evidenciando el impacto positivo de la miner\u00eda en el desarrollo de la regi\u00f3n.<\/p>\n","protected":false},"excerpt":{"rendered":"<p>El gobernador de Catamarca, Ra\u00fal Alejandro Jalil, mantuvo una reuni\u00f3n clave con ejecutivos de la multinacional minera Glencore para dialogar sobre los planes de desarrollo del ambicioso proyecto de cobre MARA, una iniciativa de gran envergadura que combina la infraestructura de la ex Mina Alumbrera y el yacimiento Agua Rica. En este marco, las autoridades [&hellip;]<\/p>\n","protected":false},"author":1,"featured_media":1000016722,"comment_status":"closed","ping_status":"closed","sticky":false,"template":"","format":"standard","meta":{"content-type":"","_jetpack_memberships_contains_paid_content":false,"jnews-multi-image_gallery":[],"jnews_single_post":{"format":"standard"},"jnews_primary_category":[],"footnotes":"","jetpack_publicize_message":"","jetpack_publicize_feature_enabled":true,"jetpack_social_post_already_shared":true,"jetpack_social_options":{"image_generator_settings":{"template":"highway","default_image_id":0,"font":"","enabled":false},"version":2}},"categories":[270],"tags":[268],"class_list":{"0":"post-1000016721","1":"post","2":"type-post","3":"status-publish","4":"format-standard","5":"has-post-thumbnail","7":"category-america-latina","8":"tag-america-latina"},"jetpack_publicize_connections":[],"jetpack_featured_media_url":"https:\/\/i0.wp.com\/gazzettinoitalianopatagonico.com\/wp-content\/uploads\/2025\/05\/kkkkkk.png?fit=730%2C359&ssl=1","jetpack_likes_enabled":true,"jetpack_sharing_enabled":true,"_links":{"self":[{"href":"https:\/\/gazzettinoitalianopatagonico.com\/index.php?rest_route=\/wp\/v2\/posts\/1000016721","targetHints":{"allow":["GET"]}}],"collection":[{"href":"https:\/\/gazzettinoitalianopatagonico.com\/index.php?rest_route=\/wp\/v2\/posts"}],"about":[{"href":"https:\/\/gazzettinoitalianopatagonico.com\/index.php?rest_route=\/wp\/v2\/types\/post"}],"author":[{"embeddable":true,"href":"https:\/\/gazzettinoitalianopatagonico.com\/index.php?rest_route=\/wp\/v2\/users\/1"}],"replies":[{"embeddable":true,"href":"https:\/\/gazzettinoitalianopatagonico.com\/index.php?rest_route=%2Fwp%2Fv2%2Fcomments&post=1000016721"}],"version-history":[{"count":1,"href":"https:\/\/gazzettinoitalianopatagonico.com\/index.php?rest_route=\/wp\/v2\/posts\/1000016721\/revisions"}],"predecessor-version":[{"id":1000016723,"href":"https:\/\/gazzettinoitalianopatagonico.com\/index.php?rest_route=\/wp\/v2\/posts\/1000016721\/revisions\/1000016723"}],"wp:featuredmedia":[{"embeddable":true,"href":"https:\/\/gazzettinoitalianopatagonico.com\/index.php?rest_route=\/wp\/v2\/media\/1000016722"}],"wp:attachment":[{"href":"https:\/\/gazzettinoitalianopatagonico.com\/index.php?rest_route=%2Fwp%2Fv2%2Fmedia&parent=1000016721"}],"wp:term":[{"taxonomy":"category","embeddable":true,"href":"https:\/\/gazzettinoitalianopatagonico.com\/index.php?rest_route=%2Fwp%2Fv2%2Fcategories&post=1000016721"},{"taxonomy":"post_tag","embeddable":true,"href":"https:\/\/gazzettinoitalianopatagonico.com\/index.php?rest_route=%2Fwp%2Fv2%2Ftags&post=1000016721"}],"curies":[{"name":"wp","href":"https:\/\/api.w.org\/{rel}","templated":true}]}}