{"id":1000016467,"date":"2025-04-29T07:12:20","date_gmt":"2025-04-29T10:12:20","guid":{"rendered":"https:\/\/gazzettinoitalianopatagonico.com\/?p=1000016467"},"modified":"2025-04-29T07:12:21","modified_gmt":"2025-04-29T10:12:21","slug":"chi-sara-il-futuro-premier-canadese-che-si-battera-contro-trump","status":"publish","type":"post","link":"https:\/\/gazzettinoitalianopatagonico.com\/?p=1000016467","title":{"rendered":"Chi sar\u00e0 il futuro premier canadese che si batter\u00e0 contro Trump"},"content":{"rendered":"\n<p>Buona fortuna al grande popolo del Canada. Eleggete l&#8217;uomo che abbia la forza e la saggezza di dimezzare le vostre tasse, di aumentare la vostra potenza militare, gratuitamente, al livello pi\u00f9 alto del mondo\u00bb. Nel giorno in cui i canadesi si recano ai seggi per eleggere il nuovo premier, il presidente americano Donald Trump entra a gamba tesa rilanciando la sua proposta di trasformarlo nel 51esimo stato Usa. Ma \u00e8 proprio la minaccia di diventare uno stato americano &#8211; sotto il controllo del tycoon &#8211; a muovere molti canadesi a eleggere il successore di Justin Trudeau, dimessosi lo scorso gennaio da primo ministro e leader dei Liberali, quando il suo partito stava attraversando una delle peggiori crisi della sua storia. Trudeau \u00e8 stato sostituito da Mark Carney, attuale primo ministro e nuovo leader del partito.&nbsp;&nbsp;Mark Carney \u00e8 il nuovo premier del Canada, l&#8217;addio di Trudeau: \u00abLa libert\u00e0 non \u00e8 scontata con Trump\u00bb. La campagna elettorale si \u00e8 concentrata su chi riuscir\u00e0 ad affrontare una crisi senza precedenti e negoziare con il presidente Usa, la cui guerra commerciale e le minacce di annessione hanno scosso il Paese. Tutti parlavano del leader dei Conservatori, Pierre Poilievre, come del prossimo primo ministro. Ma la situazione negli ultimi mesi \u00e8 mutata a causa di Trump e del suo atteggiamento ostile verso il Canada. Da quando il tycoon \u00e8 tornato alla Casa Bianca, i Liberali sono risaliti nei sondaggi i Liberali e hanno superato i Conservatori.&nbsp;&nbsp;Se quindi le previsioni saranno rispettate, Carney sar\u00e0 protagonista di una spettacolare rimonta del suo partito sui Conservatori guidati da Poilievre, accreditati solo pochi mesi fa di una schiacciante vittoria dopo dieci anni di governo di Trudeau. Paradossalmente, Poilievre potrebbe essere affondato proprio da chi lo aveva pi\u00f9 ispirato: Trump. Ex banchiere centrale, sia del Canada sia dell&#8217;Inghilterra, 60 anni, dopo le dimissioni di Trudeau a gennaio Carney si era candidato alla guida dei Liberali. Vinta la sfida con la rivale pi\u00f9 accreditata, Chrystia Freeland, a marzo \u00e8 succeduto a Trudeau anche alla guida del governo.Nel frattempo, si \u00e8 scatenata la guerra commerciale con l&#8217;ingombrante vicino. E Carney si \u00e8 imposto come l&#8217;uomo giusto al momento giusto: competente, rassicurante, ma allo stesso tempo pugnace.&nbsp;&nbsp;Dal canto suo, Poilievre ha fatto di tutto per convincere gli elettori a voltare le spalle ai liberali, compreso con la promessa di tagliare tasse e spesa pubblica. Il suo slogan principale \u00e8 \u00abCanada First\u00bb, che rimanda&nbsp;&nbsp;all'\u00bbAmerica First\u00bb di Trump. Durante i comizi ha parlato molto di immigrazione e protezione dei confini, un altro dei temi forti del presidente Usa. Secondo gli ultimi sondaggi, i Liberali sono accreditati al 42,5 per cento dei voti e i Conservatori al 38,7 per cento. Subito dopo c&#8217;\u00e8 il progressista Nuovo Partito Democratico all&#8217;8,6 per cento, seguito dai separatisti del Bloc Quebecois con il 6 per cento e dai Verdi al 2 per cento. In questo contesto difficile, per molti canadesi si tratta di elezioni storiche. I cittadini sono chiamati a scegliere i 343 parlamentari della Camera dei Comuni, con un sistema maggioritario in collegi a uninominale secco. Oltre un terzo arriveranno dall&#8217;Ontario, che da solo elegge 122 deputati. Oltre 7 dei 28,9 milioni di aventi diritto hanno gi\u00e0 votato nel fine settimana di Pasqua. Complicata la mappa dell&#8217;apertura dei seggi. Teoricamente dovrebbero essere accessibili dalle 9:00 alle 21:00, ma non tutti insieme in un Paese che ha sei fusi orari: si inizia a est e man mano si procede verso ovest. Per facilitare lo spoglio, la maggior parte chiuder\u00e0 alle 21:30 ora orientale (le 3:30 in Italia). I risultati dovrebbero arrivare luned\u00ec sera, quindi nelle prime ore di marted\u00ec in Italia.<\/p>\n","protected":false},"excerpt":{"rendered":"<p>Buona fortuna al grande popolo del Canada. Eleggete l&#8217;uomo che abbia la forza e la saggezza di dimezzare le vostre tasse, di aumentare la vostra potenza militare, gratuitamente, al livello pi\u00f9 alto del mondo\u00bb. Nel giorno in cui i canadesi si recano ai seggi per eleggere il nuovo premier, il presidente americano Donald Trump entra [&hellip;]<\/p>\n","protected":false},"author":1,"featured_media":1000016468,"comment_status":"closed","ping_status":"closed","sticky":false,"template":"","format":"standard","meta":{"content-type":"","_jetpack_memberships_contains_paid_content":false,"jnews-multi-image_gallery":[],"jnews_single_post":{"format":"standard"},"jnews_primary_category":[],"footnotes":"","jetpack_publicize_message":"","jetpack_publicize_feature_enabled":true,"jetpack_social_post_already_shared":true,"jetpack_social_options":{"image_generator_settings":{"template":"highway","default_image_id":0,"font":"","enabled":false},"version":2}},"categories":[41],"tags":[],"class_list":{"0":"post-1000016467","1":"post","2":"type-post","3":"status-publish","4":"format-standard","5":"has-post-thumbnail","7":"category-mundo"},"jetpack_publicize_connections":[],"jetpack_featured_media_url":"https:\/\/i0.wp.com\/gazzettinoitalianopatagonico.com\/wp-content\/uploads\/2025\/04\/uuuu-1.png?fit=1200%2C800&ssl=1","jetpack_likes_enabled":true,"jetpack_sharing_enabled":true,"_links":{"self":[{"href":"https:\/\/gazzettinoitalianopatagonico.com\/index.php?rest_route=\/wp\/v2\/posts\/1000016467","targetHints":{"allow":["GET"]}}],"collection":[{"href":"https:\/\/gazzettinoitalianopatagonico.com\/index.php?rest_route=\/wp\/v2\/posts"}],"about":[{"href":"https:\/\/gazzettinoitalianopatagonico.com\/index.php?rest_route=\/wp\/v2\/types\/post"}],"author":[{"embeddable":true,"href":"https:\/\/gazzettinoitalianopatagonico.com\/index.php?rest_route=\/wp\/v2\/users\/1"}],"replies":[{"embeddable":true,"href":"https:\/\/gazzettinoitalianopatagonico.com\/index.php?rest_route=%2Fwp%2Fv2%2Fcomments&post=1000016467"}],"version-history":[{"count":1,"href":"https:\/\/gazzettinoitalianopatagonico.com\/index.php?rest_route=\/wp\/v2\/posts\/1000016467\/revisions"}],"predecessor-version":[{"id":1000016469,"href":"https:\/\/gazzettinoitalianopatagonico.com\/index.php?rest_route=\/wp\/v2\/posts\/1000016467\/revisions\/1000016469"}],"wp:featuredmedia":[{"embeddable":true,"href":"https:\/\/gazzettinoitalianopatagonico.com\/index.php?rest_route=\/wp\/v2\/media\/1000016468"}],"wp:attachment":[{"href":"https:\/\/gazzettinoitalianopatagonico.com\/index.php?rest_route=%2Fwp%2Fv2%2Fmedia&parent=1000016467"}],"wp:term":[{"taxonomy":"category","embeddable":true,"href":"https:\/\/gazzettinoitalianopatagonico.com\/index.php?rest_route=%2Fwp%2Fv2%2Fcategories&post=1000016467"},{"taxonomy":"post_tag","embeddable":true,"href":"https:\/\/gazzettinoitalianopatagonico.com\/index.php?rest_route=%2Fwp%2Fv2%2Ftags&post=1000016467"}],"curies":[{"name":"wp","href":"https:\/\/api.w.org\/{rel}","templated":true}]}}