{"id":1000016451,"date":"2025-04-29T07:07:50","date_gmt":"2025-04-29T10:07:50","guid":{"rendered":"https:\/\/gazzettinoitalianopatagonico.com\/?p=1000016451"},"modified":"2025-04-29T07:07:52","modified_gmt":"2025-04-29T10:07:52","slug":"perche-i-casi-di-autismo-stanno-aumentando","status":"publish","type":"post","link":"https:\/\/gazzettinoitalianopatagonico.com\/?p=1000016451","title":{"rendered":"Perch\u00e9 i casi di autismo stanno aumentando"},"content":{"rendered":"\n<p>Negli ultimi tre decenni si \u00e8 registrato un drammatico aumento dei casi di bambini con Disturbi dello Spettro Autistico. A confermare questo trend un nuovo rapporto dei CDC&nbsp;&nbsp;(Centers for Disease Control and Prevention) che ha evidenziato un incremento di casi negli USA, con 1 bambino di otto anni su 31 affetto dalla condizione rispetto a 1 su 36 del precedente rilevamento (2020). Oltre due decenni fa, nel 2000, la prevalenza era di 1 su 150. Gli esperti attribuiscono questo aumento alla crescente consapevolezza del disturbo e a screening pi\u00f9 efficaci. Ad aver commentato in una conferenza stampa i risultati del report, il Segretario del Dipartimento della Salute e dei Servizi Umani (HHS) degli Stati Uniti, Robert F. Kennedy Jr., che ha liquidando l&#8217;ipotesi degli autori come una \u00abbufala\u00bb diffusa secondo lui dall&#8217;industria per evitare di esaminare i possibili fattori scatenanti ambientali di questa condizione neuroevolutiva. Dichiarazioni che hanno fatto molto discutere in questo giorni aprendo un acceso dibattito pubblico. Secondo Kennedy, convinto sostenitore in passato del collegamento tra vaccini e disturbi dello spettro autistico, l&#8217;impennata dei casi di autismo negli USA sarebbe causata da una o pi\u00f9 tossine \u00abambientali\u00bb, e che la condizione farebbe parte di una \u00abepidemia di malattie croniche\u00bb che \u00abdistrugge\u00bb bambini e famiglie, e sarebbe pertanto \u00abprevenibile\u00bb. Il Segretario alla Salute degli Stati Uniti ha inoltre annunciato, come riportato da Science, che sta per partire uno studio, guidato dal Direttore del National Institutes of Health (NIH) Jayanta \u00abJay\u00bb Bhattacharya, che identificher\u00e0 le tossine responsabili, e dar\u00e0 le prime risposte gi\u00e0 a settembre di quest&#8217;anno. L&#8217;indagine esaminer\u00e0, tra le altre cose, il potenziale ruolo di additivi alimentari, pesticidi ed ecografie. Tutte affermazioni, quelle di Kennedy, non solo in disaccordo con le conclusioni dello studio dei CDC, ma anche con importanti organizzazioni non-profit e gruppi di sostegno per l&#8217;autismo che si sono schierati apertamente per confutare ci\u00f2 che ha dichiarato. Il Disturbo dello Spettro Autistico (ASD) \u00e8 un disturbo permanente del neurosviluppo che si manifesta nei primi tre anni di vita di un individuo, compromettendo il corretto funzionamento del cervello. E caratterizzato da variazioni comportamentali e comunicative che vanno ad influire sulle capacit\u00e0 di socializzazione, oltre che a provocare comportamenti limitati e ripetitivi, e problemi nella comunicazione verbale e non. Il termine &#8216;spettro&#8217; viene utilizzato per mostrare l&#8217;enorme variabilit\u00e0 dei quadri sintomatologici che si possono presentare all&#8217;interno di questa categoria diagnostica. Si possono infatti trovare forme di DSA sia in individui con difficolt\u00e0 cognitive e intellettive che in persone normodotate o, persino, con capacit\u00e0 intellettive superiori. \u00abLe persone con autismo &#8211; spiegano i CDC &#8211; possono comportarsi, comunicare, interagire e apprendere in modi diversi dalla maggior parte delle altre persone, e le capacit\u00e0 delle persone con DSA possono variare significativamente\u00bb. Secondo l&#8217;Organizzazione Mondiale della Sanit\u00e0, circa un bambino su 100 in tutto il mondo vive in questo spettro. In Italia, 1 bambino su 77 (et\u00e0 7-9 anni), con un rapporto maschi:femmine di 4:1, ne \u00e8 affetto.&nbsp;&nbsp;Per quanto riguarda invece le cause dell&#8217;autismo, queste risultano ancora oggi sconosciute, anche se la maggioranza dei ricercatori \u00e8 d&#8217;accordo nell&#8217;affermare che possano essere genetiche ma che alla comparsa di questa patologia concorrano ancora cause neurobiologiche e fattori di rischio ambientali, come un parto prematuro, l&#8217;abuso di alcool e farmaci assunti da parte della madre durante la gravidanza, ma anche l&#8217;esposizione a sostanze tossiche nel corso della gravidanza, elevati livelli di inquinamento atmosferico sperimentati nei primi anni di vita, e problemi di salute materna al momento del concepimento e nel corso della gravidanza, come infezioni (la rosolia o il citomegalovirus, ad esempio) e obesit\u00e0. Un&#8217;altra causa, che secondo la ricerca potrebbe spiegare l&#8217;aumento dei casi di autismo nei paesi sviluppati, riguarda l&#8217;et\u00e0 dei genitori al momento del concepimento. \u00c8 stato dimostrato, infatti, che le probabilit\u00e0 di una diagnosi aumentano nei figli di genitori anziani, soprattutto prendendo in considerazione l&#8217;et\u00e0 del padre. Tuttavia, gli esperti concordano nell&#8217;affermare che alla base dell&#8217;aumento ci sia una maggiore sensibilizzazione al problema, un miglioramento dei sistemi diagnostici e di accesso all&#8217;assistenza sanitaria. Nessun legame, invece, esiste tra vaccini e autismo, come hanno dimostrato le prove raccolte negli ultimi decenni. L&#8217;autismo non \u00e8 una malattia nel senso che non \u00e8 una patologia medica da poter curare, ma una condizione neurologica che influenza il modo in cui una persona interagisce e si relaziona con il mondo. \u00abKennedy ha ripetuto false affermazioni secondo cui l&#8217;autismo \u00e8 un&#8217;epidemia &#8216;prevenibile&#8217; e che i risultati del rapporto di CDC non potevano essere spiegati da un migliore accesso allo screening\u00bb, ha affermato l&#8217; Autistic Self Advocacy Network (ASAN) -. L&#8217;autismo non \u00e8 una malattia. Non si pu\u00f2 &#8216;prendere&#8217; l&#8217;autismo. \u00c8 genetico. Nasciamo autistici e lo siamo per tutta la vita. L&#8217;autismo \u00e8 una parte normale della vita. Non si pu\u00f2 &#8216;prevenire&#8217; o &#8216;curare&#8217; l&#8217;autismo, e non si dovrebbe nemmeno provarci. \u00c8 uno spreco di tempo e denaro, e danneggia le persone autistiche\u00bb. \u00abQuesto aumento della prevalenza non segnala un&#8217;epidemia come sostengono alcune narrazioni &#8211; ha concluso l&#8217;Autism Society-, bens\u00ec riflette il progresso diagnostico e un bisogno urgente di decisioni politiche basate sulla scienza e sulle esigenze immediate della comunit\u00e0 autistica\u00bb.<\/p>\n\n\n\n<p>Barbara Fiorillo<\/p>\n","protected":false},"excerpt":{"rendered":"<p>Negli ultimi tre decenni si \u00e8 registrato un drammatico aumento dei casi di bambini con Disturbi dello Spettro Autistico. A confermare questo trend un nuovo rapporto dei CDC&nbsp;&nbsp;(Centers for Disease Control and Prevention) che ha evidenziato un incremento di casi negli USA, con 1 bambino di otto anni su 31 affetto dalla condizione rispetto a [&hellip;]<\/p>\n","protected":false},"author":1,"featured_media":1000016452,"comment_status":"closed","ping_status":"closed","sticky":false,"template":"","format":"standard","meta":{"content-type":"","_jetpack_memberships_contains_paid_content":false,"jnews-multi-image_gallery":[],"jnews_single_post":{"format":"standard"},"jnews_primary_category":[],"footnotes":"","jetpack_publicize_message":"","jetpack_publicize_feature_enabled":true,"jetpack_social_post_already_shared":true,"jetpack_social_options":{"image_generator_settings":{"template":"highway","default_image_id":0,"font":"","enabled":false},"version":2}},"categories":[43],"tags":[],"class_list":{"0":"post-1000016451","1":"post","2":"type-post","3":"status-publish","4":"format-standard","5":"has-post-thumbnail","7":"category-salud"},"jetpack_publicize_connections":[],"jetpack_featured_media_url":"https:\/\/i0.wp.com\/gazzettinoitalianopatagonico.com\/wp-content\/uploads\/2025\/04\/ai-generated-8489754_1280.jpg?fit=1280%2C720&ssl=1","jetpack_likes_enabled":true,"jetpack_sharing_enabled":true,"_links":{"self":[{"href":"https:\/\/gazzettinoitalianopatagonico.com\/index.php?rest_route=\/wp\/v2\/posts\/1000016451","targetHints":{"allow":["GET"]}}],"collection":[{"href":"https:\/\/gazzettinoitalianopatagonico.com\/index.php?rest_route=\/wp\/v2\/posts"}],"about":[{"href":"https:\/\/gazzettinoitalianopatagonico.com\/index.php?rest_route=\/wp\/v2\/types\/post"}],"author":[{"embeddable":true,"href":"https:\/\/gazzettinoitalianopatagonico.com\/index.php?rest_route=\/wp\/v2\/users\/1"}],"replies":[{"embeddable":true,"href":"https:\/\/gazzettinoitalianopatagonico.com\/index.php?rest_route=%2Fwp%2Fv2%2Fcomments&post=1000016451"}],"version-history":[{"count":1,"href":"https:\/\/gazzettinoitalianopatagonico.com\/index.php?rest_route=\/wp\/v2\/posts\/1000016451\/revisions"}],"predecessor-version":[{"id":1000016457,"href":"https:\/\/gazzettinoitalianopatagonico.com\/index.php?rest_route=\/wp\/v2\/posts\/1000016451\/revisions\/1000016457"}],"wp:featuredmedia":[{"embeddable":true,"href":"https:\/\/gazzettinoitalianopatagonico.com\/index.php?rest_route=\/wp\/v2\/media\/1000016452"}],"wp:attachment":[{"href":"https:\/\/gazzettinoitalianopatagonico.com\/index.php?rest_route=%2Fwp%2Fv2%2Fmedia&parent=1000016451"}],"wp:term":[{"taxonomy":"category","embeddable":true,"href":"https:\/\/gazzettinoitalianopatagonico.com\/index.php?rest_route=%2Fwp%2Fv2%2Fcategories&post=1000016451"},{"taxonomy":"post_tag","embeddable":true,"href":"https:\/\/gazzettinoitalianopatagonico.com\/index.php?rest_route=%2Fwp%2Fv2%2Ftags&post=1000016451"}],"curies":[{"name":"wp","href":"https:\/\/api.w.org\/{rel}","templated":true}]}}