{"id":1000016313,"date":"2025-04-25T06:47:41","date_gmt":"2025-04-25T09:47:41","guid":{"rendered":"https:\/\/gazzettinoitalianopatagonico.com\/?p=1000016313"},"modified":"2025-04-25T06:47:43","modified_gmt":"2025-04-25T09:47:43","slug":"i-23-cardinali-latinoamericani-che-sceglieranno-il-nuovo-pontefice","status":"publish","type":"post","link":"https:\/\/gazzettinoitalianopatagonico.com\/?p=1000016313","title":{"rendered":"I 23 cardinali latinoamericani che sceglieranno il nuovo pontefice"},"content":{"rendered":"\n<p>Tra i 135 cardinali con un&#8217;et\u00e0 al di sotto degli 80 anni che formeranno il Conclave per l&#8217;elezione del nuovo pontefice, 23 sono latinoamericani. Il 13 marzo 2013 a eleggere Jorge Mario Bergoglio al soglio di Pietro erano appena 19. Il Brasile \u00e8 il paese della regione pi\u00f9 rappresentato, con sette cardinali. Di questi, due sono stati nominati da Benedetto XVI: l&#8217;arcivescovo di San Paolo, il 75enne Odilo Scherer, e il 77enne Jo\u00e3o Braz de Aviz, a capo del Dicastero per gli istituti di vita consacrata e le societ\u00e0 di vita apostolica. Nominati da Francesco il 74enne arcivescovo di Rio de Janeiro Orani Jo\u00e3o Tempesta, quello di Manaus, il 74enne Leonardo Ulrich Steiner, il 65enne arcivescovo di Salvador S\u00e9rgio da Rocha, il 64enne Jaime Spengler a capo dell&#8217;arcidiocesi di Porto Alegre e il 57enne Paulo Cezar Costa, arcivescovo di Brasilia. Quattro gli argentini, tutti nominati da Francesco, ovvero il 62enne V\u00edctor Manuel Fern\u00e1ndez che guida il Dicastero per la dottrina della fede, il 66enne Angel Sixto Rossi, arcivescovo di C\u00f3rdoba, di Santiago del Estero il 72enne Vicente Bokalic Iglic e il 77enne arcivescovo emerito di Buenos Aires, Mario Aurelio Poli. Gli altri sei cardinali sudamericani in Conclave sono l&#8217;uruguaiano 65enne Daniel Fernando Sturla, secondo il canale Ntn24 unico \u00abpapabile\u00bb, il paraguayano Adalberto Mart\u00ednez Flores (73 anni), il peruviano Carlos Gustavo Castillo Mattasoglio (75 anni), il 68enne cileno Fernando Natalio Chomal\u00ed Garib, il 63enne colombiano Luis Jos\u00e9 Rueda Aparicio e l&#8217;ecuadoriano Luis Gerardo Cabrera Herrera (69 anni). Il Messico ha due porporati in Conclave: l&#8217;arcivescovo primate del Messico, il 75enne Carlos Aguiar Retes, nominato da Francesco, e il 74enne arcivescovo di Guadalajara Francisco Robles Ortega, scelto da Benedetto XVI. In America Centrale e nei Caraibi sono invece quattro i cardinali in Conclave, tutti nominati da Francesco, ovvero il 76enne cubano Juan de la Caridad Garc\u00eda Rodr\u00edguez, il 77enne guatemalteco \u00c1lvaro Leonel Ramazzini Imeri, il 76enne nicaraguense Leopoldo Brenes e l&#8217;haitiano Chibly Langlois, di 66 anni.<\/p>\n","protected":false},"excerpt":{"rendered":"<p>Tra i 135 cardinali con un&#8217;et\u00e0 al di sotto degli 80 anni che formeranno il Conclave per l&#8217;elezione del nuovo pontefice, 23 sono latinoamericani. Il 13 marzo 2013 a eleggere Jorge Mario Bergoglio al soglio di Pietro erano appena 19. Il Brasile \u00e8 il paese della regione pi\u00f9 rappresentato, con sette cardinali. Di questi, due [&hellip;]<\/p>\n","protected":false},"author":1,"featured_media":1000016314,"comment_status":"closed","ping_status":"closed","sticky":false,"template":"","format":"standard","meta":{"content-type":"","_jetpack_memberships_contains_paid_content":false,"jnews-multi-image_gallery":[],"jnews_single_post":{"format":"standard"},"jnews_primary_category":[],"footnotes":"","jetpack_publicize_message":"","jetpack_publicize_feature_enabled":true,"jetpack_social_post_already_shared":true,"jetpack_social_options":{"image_generator_settings":{"template":"highway","default_image_id":0,"font":"","enabled":false},"version":2}},"categories":[270],"tags":[268],"class_list":{"0":"post-1000016313","1":"post","2":"type-post","3":"status-publish","4":"format-standard","5":"has-post-thumbnail","7":"category-america-latina","8":"tag-america-latina"},"jetpack_publicize_connections":[],"jetpack_featured_media_url":"https:\/\/i0.wp.com\/gazzettinoitalianopatagonico.com\/wp-content\/uploads\/2025\/04\/yllll.png?fit=696%2C392&ssl=1","jetpack_likes_enabled":true,"jetpack_sharing_enabled":true,"_links":{"self":[{"href":"https:\/\/gazzettinoitalianopatagonico.com\/index.php?rest_route=\/wp\/v2\/posts\/1000016313","targetHints":{"allow":["GET"]}}],"collection":[{"href":"https:\/\/gazzettinoitalianopatagonico.com\/index.php?rest_route=\/wp\/v2\/posts"}],"about":[{"href":"https:\/\/gazzettinoitalianopatagonico.com\/index.php?rest_route=\/wp\/v2\/types\/post"}],"author":[{"embeddable":true,"href":"https:\/\/gazzettinoitalianopatagonico.com\/index.php?rest_route=\/wp\/v2\/users\/1"}],"replies":[{"embeddable":true,"href":"https:\/\/gazzettinoitalianopatagonico.com\/index.php?rest_route=%2Fwp%2Fv2%2Fcomments&post=1000016313"}],"version-history":[{"count":1,"href":"https:\/\/gazzettinoitalianopatagonico.com\/index.php?rest_route=\/wp\/v2\/posts\/1000016313\/revisions"}],"predecessor-version":[{"id":1000016315,"href":"https:\/\/gazzettinoitalianopatagonico.com\/index.php?rest_route=\/wp\/v2\/posts\/1000016313\/revisions\/1000016315"}],"wp:featuredmedia":[{"embeddable":true,"href":"https:\/\/gazzettinoitalianopatagonico.com\/index.php?rest_route=\/wp\/v2\/media\/1000016314"}],"wp:attachment":[{"href":"https:\/\/gazzettinoitalianopatagonico.com\/index.php?rest_route=%2Fwp%2Fv2%2Fmedia&parent=1000016313"}],"wp:term":[{"taxonomy":"category","embeddable":true,"href":"https:\/\/gazzettinoitalianopatagonico.com\/index.php?rest_route=%2Fwp%2Fv2%2Fcategories&post=1000016313"},{"taxonomy":"post_tag","embeddable":true,"href":"https:\/\/gazzettinoitalianopatagonico.com\/index.php?rest_route=%2Fwp%2Fv2%2Ftags&post=1000016313"}],"curies":[{"name":"wp","href":"https:\/\/api.w.org\/{rel}","templated":true}]}}