{"id":1000016296,"date":"2025-04-24T14:45:30","date_gmt":"2025-04-24T17:45:30","guid":{"rendered":"https:\/\/gazzettinoitalianopatagonico.com\/?p=1000016296"},"modified":"2025-04-24T14:45:33","modified_gmt":"2025-04-24T17:45:33","slug":"il-trionfo-dellipocrisia","status":"publish","type":"post","link":"https:\/\/gazzettinoitalianopatagonico.com\/?p=1000016296","title":{"rendered":"Il trionfo dell&#8217;ipocrisia"},"content":{"rendered":"\n<p>Non \u00e8 ancora stato celebrato il funerale di Papa Francesco e gi\u00e0 si profila, con nauseante chiarezza, la scenografia dell&#8217;ipocrisia: una processione di capi di Stato e potenti della Terra che, con volti programmati alla contrizione, si accoderanno davanti alle telecamere per esprimere il proprio \u00abcordoglio\u00bb, come se bastasse indossare il lutto per redimere anni di sordit\u00e0 morale. L&#8217;atto non \u00e8 ancora compiuto e gi\u00e0 ne conosciamo il copione, come si conosce da tempo la natura degli attori: essi verranno con fiori bianchi tra le mani, con discorsi cuciti dagli uffici stampa, con occhi bassi e toni gravi, ma nessuno potr\u00e0 cancellare la loro persistente indifferenza verso ogni parola che il Papa ha pronunciato in vita. Dove erano, questi signori della politica e del capitale, quando Francesco denunciava l&#8217;economia dello scarto, la crudelt\u00e0 delle guerre, l&#8217;indecenza delle frontiere chiuse, la devastazione ambientale, la speculazione sulle vite dei pi\u00f9 fragili? Erano l\u00ec, s\u00ec, ma non per ascoltare: erano l\u00ec per calcolare. Ignorarono le sue encicliche come si ignorano le preghiere nelle stanze del potere, scelsero il profitto anzich\u00e9 il Vangelo, e oggi si preparano a piangerlo come se fossero stati i suoi discepoli pi\u00f9 fedeli. Questa non \u00e8 tristezza autentica, \u00e8 strategia comunicativa; non \u00e8 dolore, \u00e8 coreografia. E mentre il popolo vero, quello silenzioso e spesso dimenticato, sentir\u00e0 il vuoto profondo lasciato da un uomo che lottava per la dignit\u00e0 umana, i potenti si affolleranno a Roma per offrire al mondo un ultimo atto di teatro: la messa in scena della loro finta devozione. Le loro parole saranno parole morte per un uomo vivo nella coscienza dei giusti. E quel che celebreranno non sar\u00e0 il ricordo di un pontefice, ma il funerale della loro stessa coscienza. L&#8217;ipocrisia regna quando chi comanda recita la giustizia ma vive l&#8217;ingiustizia, quando indossa il lutto e continua ad alimentare il disordine globale. Sappiamo gi\u00e0 tutto: li vedremo in prima fila, commossi per convenienza, e li ascolteremo parlare come se le loro mani non fossero macchiate da ci\u00f2 che il Papa ha sempre denunciato. Ma la storia non li assolver\u00e0. Il loro elogio non sar\u00e0 memoria, ma menzogna. E il loro pianto sar\u00e0 il suono vuoto dell&#8217;etica tradita.<\/p>\n\n\n\n<p>Federico A. Garcia<\/p>\n","protected":false},"excerpt":{"rendered":"<p>Non \u00e8 ancora stato celebrato il funerale di Papa Francesco e gi\u00e0 si profila, con nauseante chiarezza, la scenografia dell&#8217;ipocrisia: una processione di capi di Stato e potenti della Terra che, con volti programmati alla contrizione, si accoderanno davanti alle telecamere per esprimere il proprio \u00abcordoglio\u00bb, come se bastasse indossare il lutto per redimere anni [&hellip;]<\/p>\n","protected":false},"author":1,"featured_media":1000016297,"comment_status":"closed","ping_status":"closed","sticky":false,"template":"","format":"standard","meta":{"content-type":"","_jetpack_memberships_contains_paid_content":false,"jnews-multi-image_gallery":[],"jnews_single_post":{"format":"standard"},"jnews_primary_category":[],"footnotes":"","jetpack_publicize_message":"","jetpack_publicize_feature_enabled":true,"jetpack_social_post_already_shared":true,"jetpack_social_options":{"image_generator_settings":{"template":"highway","default_image_id":0,"font":"","enabled":false},"version":2}},"categories":[255],"tags":[],"class_list":{"0":"post-1000016296","1":"post","2":"type-post","3":"status-publish","4":"format-standard","5":"has-post-thumbnail","7":"category-sociales"},"jetpack_publicize_connections":[],"jetpack_featured_media_url":"https:\/\/i0.wp.com\/gazzettinoitalianopatagonico.com\/wp-content\/uploads\/2025\/04\/1745505363700blob.png?fit=526%2C526&ssl=1","jetpack_likes_enabled":true,"jetpack_sharing_enabled":true,"_links":{"self":[{"href":"https:\/\/gazzettinoitalianopatagonico.com\/index.php?rest_route=\/wp\/v2\/posts\/1000016296","targetHints":{"allow":["GET"]}}],"collection":[{"href":"https:\/\/gazzettinoitalianopatagonico.com\/index.php?rest_route=\/wp\/v2\/posts"}],"about":[{"href":"https:\/\/gazzettinoitalianopatagonico.com\/index.php?rest_route=\/wp\/v2\/types\/post"}],"author":[{"embeddable":true,"href":"https:\/\/gazzettinoitalianopatagonico.com\/index.php?rest_route=\/wp\/v2\/users\/1"}],"replies":[{"embeddable":true,"href":"https:\/\/gazzettinoitalianopatagonico.com\/index.php?rest_route=%2Fwp%2Fv2%2Fcomments&post=1000016296"}],"version-history":[{"count":1,"href":"https:\/\/gazzettinoitalianopatagonico.com\/index.php?rest_route=\/wp\/v2\/posts\/1000016296\/revisions"}],"predecessor-version":[{"id":1000016298,"href":"https:\/\/gazzettinoitalianopatagonico.com\/index.php?rest_route=\/wp\/v2\/posts\/1000016296\/revisions\/1000016298"}],"wp:featuredmedia":[{"embeddable":true,"href":"https:\/\/gazzettinoitalianopatagonico.com\/index.php?rest_route=\/wp\/v2\/media\/1000016297"}],"wp:attachment":[{"href":"https:\/\/gazzettinoitalianopatagonico.com\/index.php?rest_route=%2Fwp%2Fv2%2Fmedia&parent=1000016296"}],"wp:term":[{"taxonomy":"category","embeddable":true,"href":"https:\/\/gazzettinoitalianopatagonico.com\/index.php?rest_route=%2Fwp%2Fv2%2Fcategories&post=1000016296"},{"taxonomy":"post_tag","embeddable":true,"href":"https:\/\/gazzettinoitalianopatagonico.com\/index.php?rest_route=%2Fwp%2Fv2%2Ftags&post=1000016296"}],"curies":[{"name":"wp","href":"https:\/\/api.w.org\/{rel}","templated":true}]}}