{"id":1000016283,"date":"2025-04-24T07:24:31","date_gmt":"2025-04-24T10:24:31","guid":{"rendered":"https:\/\/gazzettinoitalianopatagonico.com\/?p=1000016283"},"modified":"2025-04-24T07:24:34","modified_gmt":"2025-04-24T10:24:34","slug":"dl-bollette-della-porta-fdi-altro-intervento-a-favore-dei-piu-deboli","status":"publish","type":"post","link":"https:\/\/gazzettinoitalianopatagonico.com\/?p=1000016283","title":{"rendered":"Dl Bollette. Della Porta (FdI): Altro intervento a favore dei pi\u00f9 deboli"},"content":{"rendered":"\n<p>\u00abCon il cosiddetto decreto Bollette approvato ieri in via definitiva dal Senato il governo Meloni conferma la sua azione di tenuta sociale ed economica del Paese. Risorse importanti, infatti, per famiglie ed imprese\u00bb. Cos\u00ec in una nota il senatore di Fratelli d&#8217;Italia Costanzo Della Porta. \u00abPer le famiglie &#8211; osserva &#8211; un contributo aggiuntivo al bonus precedente di cui gi\u00e0 godevano i nuclei familiari con Isee fino a 9.530 euro oppure sopra i 20mila euro per i nuclei con almeno quattro figli. In totale le famiglie potranno arrivare a uno sconto sulla bolletta elettrica che arriva a circa 440 euro. Considerando anche il bonus sul gas gi\u00e0 attivo, una famiglia pu\u00f2 avere uno sconto sulle bollette dell&#8217;energia fino a circa 500 euro. Per le imprese &#8211; prosegue -confermate le misure a favore delle aziende cosiddette &#8216;energivore&#8217; con un contributo per complessivi 600 milioni di euro, attraverso il fondo per la transizione energetica. Ma preme sottolineare una ulteriore misura, voluta da Fratelli d&#8217;Italia, ed introdotta in questo decreto, che ha un enorme valore sociale: l&#8217;impignorabilit\u00e0 dell&#8217;immobile di propriet\u00e0 di soggetti vulnerabili, in particolare, persone anziane in condizioni di fragilit\u00e0, anche per motivi di salute, in caso di debiti legati a bollette energetiche condominiali. Con questa norma &#8211; spiega il parlamentare di FdI &#8211; l&#8217;abitazione non potr\u00e0 essere pignorata se il debito \u00e8 inferiore a 5mila euro, se l&#8217;immobile rappresenta l&#8217;unica propriet\u00e0 del debitore, se costituisce la sua residenza e se non si tratta di un&#8217;abitazione di lusso. Un altro intervento, quindi, a favore dei pi\u00f9 deboli e delle famiglie con problemi economici\u00bb, conclude Della Porta.<\/p>\n","protected":false},"excerpt":{"rendered":"<p>\u00abCon il cosiddetto decreto Bollette approvato ieri in via definitiva dal Senato il governo Meloni conferma la sua azione di tenuta sociale ed economica del Paese. Risorse importanti, infatti, per famiglie ed imprese\u00bb. Cos\u00ec in una nota il senatore di Fratelli d&#8217;Italia Costanzo Della Porta. \u00abPer le famiglie &#8211; osserva &#8211; un contributo aggiuntivo al [&hellip;]<\/p>\n","protected":false},"author":1,"featured_media":1000016284,"comment_status":"closed","ping_status":"closed","sticky":false,"template":"","format":"standard","meta":{"content-type":"","_jetpack_memberships_contains_paid_content":false,"jnews-multi-image_gallery":[],"jnews_single_post":{"format":"standard"},"jnews_primary_category":[],"footnotes":"","jetpack_publicize_message":"","jetpack_publicize_feature_enabled":true,"jetpack_social_post_already_shared":true,"jetpack_social_options":{"image_generator_settings":{"template":"highway","default_image_id":0,"font":"","enabled":false},"version":2}},"categories":[46,32],"tags":[],"class_list":{"0":"post-1000016283","1":"post","2":"type-post","3":"status-publish","4":"format-standard","5":"has-post-thumbnail","7":"category-italia","8":"category-politica"},"jetpack_publicize_connections":[],"jetpack_featured_media_url":"https:\/\/i0.wp.com\/gazzettinoitalianopatagonico.com\/wp-content\/uploads\/2025\/04\/della-porta.jpeg?fit=311%2C162&ssl=1","jetpack_likes_enabled":true,"jetpack_sharing_enabled":true,"_links":{"self":[{"href":"https:\/\/gazzettinoitalianopatagonico.com\/index.php?rest_route=\/wp\/v2\/posts\/1000016283","targetHints":{"allow":["GET"]}}],"collection":[{"href":"https:\/\/gazzettinoitalianopatagonico.com\/index.php?rest_route=\/wp\/v2\/posts"}],"about":[{"href":"https:\/\/gazzettinoitalianopatagonico.com\/index.php?rest_route=\/wp\/v2\/types\/post"}],"author":[{"embeddable":true,"href":"https:\/\/gazzettinoitalianopatagonico.com\/index.php?rest_route=\/wp\/v2\/users\/1"}],"replies":[{"embeddable":true,"href":"https:\/\/gazzettinoitalianopatagonico.com\/index.php?rest_route=%2Fwp%2Fv2%2Fcomments&post=1000016283"}],"version-history":[{"count":1,"href":"https:\/\/gazzettinoitalianopatagonico.com\/index.php?rest_route=\/wp\/v2\/posts\/1000016283\/revisions"}],"predecessor-version":[{"id":1000016285,"href":"https:\/\/gazzettinoitalianopatagonico.com\/index.php?rest_route=\/wp\/v2\/posts\/1000016283\/revisions\/1000016285"}],"wp:featuredmedia":[{"embeddable":true,"href":"https:\/\/gazzettinoitalianopatagonico.com\/index.php?rest_route=\/wp\/v2\/media\/1000016284"}],"wp:attachment":[{"href":"https:\/\/gazzettinoitalianopatagonico.com\/index.php?rest_route=%2Fwp%2Fv2%2Fmedia&parent=1000016283"}],"wp:term":[{"taxonomy":"category","embeddable":true,"href":"https:\/\/gazzettinoitalianopatagonico.com\/index.php?rest_route=%2Fwp%2Fv2%2Fcategories&post=1000016283"},{"taxonomy":"post_tag","embeddable":true,"href":"https:\/\/gazzettinoitalianopatagonico.com\/index.php?rest_route=%2Fwp%2Fv2%2Ftags&post=1000016283"}],"curies":[{"name":"wp","href":"https:\/\/api.w.org\/{rel}","templated":true}]}}