{"id":1000016275,"date":"2025-04-24T07:19:25","date_gmt":"2025-04-24T10:19:25","guid":{"rendered":"https:\/\/gazzettinoitalianopatagonico.com\/?p=1000016275"},"modified":"2025-04-24T07:19:26","modified_gmt":"2025-04-24T10:19:26","slug":"in-india-scoppiano-le-proteste-dopo-lattentato-nel-kashmir-basta-morti","status":"publish","type":"post","link":"https:\/\/gazzettinoitalianopatagonico.com\/?p=1000016275","title":{"rendered":"In India scoppiano le proteste dopo l&#8217;attentato nel Kashmir: \u00abBasta morti\u00bb"},"content":{"rendered":"\n<p>A Srinagar, capoluogo del Kashmir amministrato dall&#8217;India, centinaia di persone sono scese in strada per protestare contro l&#8217;attentato terroristico che ieri, nella citt\u00e0 di Pahalgam, ha provocato 26 vittime. L&#8217;attacco, su cui ora le forze di sicurezza indiane stanno indagando, \u00e8 avvenuto poco fuori citt\u00e0: un commando di quattro uomini armati ha aperto il fuoco contro una comitiva di turisti, radunata in uno spazio aperto per ammirare le alte montagne innevate. La zona \u00e8 infatti nota come \u00abla piccola Svizzera\u00bb. Il risultato: il pi\u00f9 grave attentato degli ultimi 25 anni nella regione contesa. Tra i morti \u2013 tutti uomini \u2013 un solo cittadino straniero, di nazionalit\u00e0 nepalese. Esclusa la notizia circolata in un primo momento, secondo cui ci fosse anche un italiano nel gruppo. Circa una ventina invece i feriti. Stamani quindi, a Srinagar i manifestanti si sono dati appuntamento in corteo ed hanno esposto cartelli con su scritto, tra le altre cose, \u00abQuesto \u00e8 un attacco a tutti noi\u00bb e \u00abBasta uccisioni\u00bb, per denunciare la situazione di insicurezza che la popolazione locale vive da decenni. La regione del Kashmir \u00e8 infatti amministrata in parte dall&#8217;India e in parte dal Pakistan, ma entrambi i Paesi ne rivendicano la completa sovranit\u00e0. Le tensioni per il dominio del Kashmir iniziarono nel 1947, dopo l&#8217;indipendenza ottenuta da India e Pakistan dal Regno Unito. Negli anni &#8217;60 del secolo scorso, si inser\u00ec nella contesa anche la Cina. Per questa ragione, sono state combattute ben tre guerre, lasciando attive delle milizie locali, che ora sono le principali sospettate. Informato dell&#8217;attentato, il governo di Islambad ha inviato un messaggio di \u00abcordoglio e preoccupazione\u00bb. Il primo ministro Narendra Modi \u2013 che ha annullato una missione in Arabia Saudita per seguire gli avvenimenti \u2013 ha parlato di \u00abatto atroce\u00bb, assicurando che i responsabili \u00abne risponderanno davanti alla giustizia\u00bb. Omar Abdullah, ministro a capo del territorio del Jammuh e Kashmir, ha evidenziato che quello di ieri \u00e8 stato \u00abun attacco molto pi\u00f9 grande di qualunque azione compiuta negli ultimi anni contro la popolazione civile\u00bb.L&#8217;ultimo attentato risale a giugno 2024, quando nove fedeli induisti morirono dopo che un commando apr\u00ec il fuoco contro il pullman in cui stavano viaggiando per andare in pellegrinaggio a Jammuh. L&#8217;area \u00e8 infatti meta per turisti e pellegrini, e tra queste Pahalgam \u00e8 tra le principali, con migliaia di visitatori ogni anno. Come riferiscono i cronisti locali, l&#8217;attacco ha suscitato un esodo di turisti, che hanno preso d&#8217;assalto aerei e altri mezzi di trasporto e abbandonato gli alberghi. Ora per i residenti, alla paura per le violenze, si aggiungono i timori per eventuali ripercussioni sull&#8217;economia della zona. Nel 2019, il governo del premier Modi \u00e8 intervenuto per porre fine alla militanza dei ribelli, abrogando lo status autonomo di cui la regione godeva, una mossa confermata anche dalla Corte suprema nel 2023. Da allora, il premier ha sostenuto di aver pacificato la regione, tuttavia secondo Praveen Donthi, analista indiano dell&#8217;International Crisis Group, l&#8217;ultimo attentato \u00abconfuta\u00bb questa narrativa. Ad Aljazeera l&#8217;esperto ha spiegato che il governo ha, da lun lato, riformato la regione, governandola con \u00abpugno di ferro\u00bb, e dall&#8217;altro, citato l&#8217;aumento del turismo per avvalorarne la pacificazione. Tuttavia, \u00abquando i turisti diventano un bersaglio\u00bb, questo indica \u00abuna escalation nel conflitto, dal momento che i gruppi ribelli attaccano solitamente le forze di sicurezza\u00bb.<\/p>\n\n\n\n<p>Alessandra Fabbretti<\/p>\n","protected":false},"excerpt":{"rendered":"<p>A Srinagar, capoluogo del Kashmir amministrato dall&#8217;India, centinaia di persone sono scese in strada per protestare contro l&#8217;attentato terroristico che ieri, nella citt\u00e0 di Pahalgam, ha provocato 26 vittime. L&#8217;attacco, su cui ora le forze di sicurezza indiane stanno indagando, \u00e8 avvenuto poco fuori citt\u00e0: un commando di quattro uomini armati ha aperto il fuoco [&hellip;]<\/p>\n","protected":false},"author":1,"featured_media":1000016276,"comment_status":"closed","ping_status":"closed","sticky":false,"template":"","format":"standard","meta":{"content-type":"","_jetpack_memberships_contains_paid_content":false,"jnews-multi-image_gallery":[],"jnews_single_post":{"format":"standard"},"jnews_primary_category":[],"footnotes":"","jetpack_publicize_message":"","jetpack_publicize_feature_enabled":true,"jetpack_social_post_already_shared":true,"jetpack_social_options":{"image_generator_settings":{"template":"highway","default_image_id":0,"font":"","enabled":false},"version":2}},"categories":[41],"tags":[],"class_list":{"0":"post-1000016275","1":"post","2":"type-post","3":"status-publish","4":"format-standard","5":"has-post-thumbnail","7":"category-mundo"},"jetpack_publicize_connections":[],"jetpack_featured_media_url":"https:\/\/i0.wp.com\/gazzettinoitalianopatagonico.com\/wp-content\/uploads\/2025\/04\/Imagoeconomica_238802-FILEminimizer.jpg?fit=720%2C480&ssl=1","jetpack_likes_enabled":true,"jetpack_sharing_enabled":true,"_links":{"self":[{"href":"https:\/\/gazzettinoitalianopatagonico.com\/index.php?rest_route=\/wp\/v2\/posts\/1000016275","targetHints":{"allow":["GET"]}}],"collection":[{"href":"https:\/\/gazzettinoitalianopatagonico.com\/index.php?rest_route=\/wp\/v2\/posts"}],"about":[{"href":"https:\/\/gazzettinoitalianopatagonico.com\/index.php?rest_route=\/wp\/v2\/types\/post"}],"author":[{"embeddable":true,"href":"https:\/\/gazzettinoitalianopatagonico.com\/index.php?rest_route=\/wp\/v2\/users\/1"}],"replies":[{"embeddable":true,"href":"https:\/\/gazzettinoitalianopatagonico.com\/index.php?rest_route=%2Fwp%2Fv2%2Fcomments&post=1000016275"}],"version-history":[{"count":1,"href":"https:\/\/gazzettinoitalianopatagonico.com\/index.php?rest_route=\/wp\/v2\/posts\/1000016275\/revisions"}],"predecessor-version":[{"id":1000016277,"href":"https:\/\/gazzettinoitalianopatagonico.com\/index.php?rest_route=\/wp\/v2\/posts\/1000016275\/revisions\/1000016277"}],"wp:featuredmedia":[{"embeddable":true,"href":"https:\/\/gazzettinoitalianopatagonico.com\/index.php?rest_route=\/wp\/v2\/media\/1000016276"}],"wp:attachment":[{"href":"https:\/\/gazzettinoitalianopatagonico.com\/index.php?rest_route=%2Fwp%2Fv2%2Fmedia&parent=1000016275"}],"wp:term":[{"taxonomy":"category","embeddable":true,"href":"https:\/\/gazzettinoitalianopatagonico.com\/index.php?rest_route=%2Fwp%2Fv2%2Fcategories&post=1000016275"},{"taxonomy":"post_tag","embeddable":true,"href":"https:\/\/gazzettinoitalianopatagonico.com\/index.php?rest_route=%2Fwp%2Fv2%2Ftags&post=1000016275"}],"curies":[{"name":"wp","href":"https:\/\/api.w.org\/{rel}","templated":true}]}}