{"id":1000016272,"date":"2025-04-24T07:18:20","date_gmt":"2025-04-24T10:18:20","guid":{"rendered":"https:\/\/gazzettinoitalianopatagonico.com\/?p=1000016272"},"modified":"2025-04-24T07:18:21","modified_gmt":"2025-04-24T10:18:21","slug":"la-salus-populi-romani-la-storia-dellicona-di-maria-cara-a-francesco","status":"publish","type":"post","link":"https:\/\/gazzettinoitalianopatagonico.com\/?p=1000016272","title":{"rendered":"La Salus Populi romani, la storia dell&#8217;icona di Maria cara a Francesco"},"content":{"rendered":"\n<p>Sabato 26 aprile il corpo di Papa Francesco arriver\u00e0 a Santa Maria Maggiore, la Basilica Papale che Bergoglio nel testamento ha indicato per la sua sepoltura. \u00abLa mia vita e il ministero sacerdotale ed episcopale ho sempre affidato alla Madre del Nostro Signore, Maria Santissima\u00bb, ha scritto il Pontefice spiegando la sua scelta. Un sepolcro nella terra, \u00absemplice, senza particolare decoro\u00bb, con la sola iscrizione &#8216;Franciscus&#8217;. Ma vicino alla Cappella Paolina. \u00c8 qui infatti che \u00e8 custodita la Salus Populi Romani, la pi\u00f9 importante icona mariana, attribuita a San Luca, l&#8217;evangelista, e carissima a Papa Francesco.<\/p>\n\n\n\n<p>L&#8217;immagine sacra \u00e8 stata il punto di riferimento di ogni viaggio apostolico compiuto dal Papa defunto, che prima della partenza e al ritorno andava a Santa Maria Maggiore a rendere omaggio alla Vergine. \u00c8 a questa reliquia che Papa Francesco ha fatto visita subito dopo la sua elezione, da lei \u00e8 tornato appena uscito dal lungo ricovero al Gemelli. La scelta di dedicare il suo magistero alla Salus deriva da una tradizione dei gesuiti, ordine a cui apparteneva Francesco. Fu il fondatore della Compagnia di Ges\u00f9, Ignazio di Loyola, ad affidare alla Madonna di San Luca quella missione e da allora i gesuiti ne promossero il culto distribuendo in tutto il mondo copie dell&#8217;icona mariana.<\/p>\n\n\n\n<p>Con il Bambino in braccio, alla Madonna bizantina ritratta in piedi a mezza figura su una tavola in legno di cedro, che misura 117 centimetri per 79, si deve per tradizione la fine della pestilenza scoppiata a Roma al tempo di Gregorio I, Papa dal 590 al 604. Lo racconta Cesare Baronio: la Salus Populi Romani sarebbe stata portata per tre giorni in processione per le vie della citt\u00e0 afflitta dall&#8217;epidemia. Al passaggio della Madonna di San Luca verso San Pietro, su Castel Sant&#8217;Angelo apparve l&#8217;Arcangelo Michele, che davanti all&#8217;immagine della Vergine rinfoder\u00f2 la spada. Segno che la peste era finita e che il popolo romano era salvo.<\/p>\n\n\n\n<p>Ecco perch\u00e9 la Salus \u00e8 considerata tra le icone pi\u00f9 legate alla citt\u00e0 e alle figure papali, come ha sottolineato lo stesso Francesco il 4 giugno del 2024, che in occasione dell&#8217;ottantesimo anniversario della liberazione di Roma dai nazifascisti ha ricordato \u00abil Voto con cui il popolo di Roma, insieme al suo Pastore, il Papa Pio XII, fece alla Madonna il 4 giugno 1944 per implorare la salvezza della citt\u00e0, quando in essa stava per consumarsi lo scontro frontale tra l&#8217;esercito tedesco e quello degli alleati anglo-americani\u00bb.<\/p>\n\n\n\n<p>Una devozione a cui i romani si affidano \u00abspecialmente durante le pestilenze, le calamit\u00e0 naturali, le guerre\u00bb, ha scritto ancora Bergoglio, che per questo nel 2020 durante la pandemia da Covid 19 usc\u00ec dal Vaticano e si rec\u00f2 a pregare davanti all&#8217;immagine sacra conservata a Santa Maria Maggiore, dove il Pontefice devoto a Maria verr\u00e0 sepolto sabato.<\/p>\n\n\n\n<p>Nicoletta Di Placido<\/p>\n","protected":false},"excerpt":{"rendered":"<p>Sabato 26 aprile il corpo di Papa Francesco arriver\u00e0 a Santa Maria Maggiore, la Basilica Papale che Bergoglio nel testamento ha indicato per la sua sepoltura. \u00abLa mia vita e il ministero sacerdotale ed episcopale ho sempre affidato alla Madre del Nostro Signore, Maria Santissima\u00bb, ha scritto il Pontefice spiegando la sua scelta. Un sepolcro [&hellip;]<\/p>\n","protected":false},"author":1,"featured_media":1000016273,"comment_status":"closed","ping_status":"closed","sticky":false,"template":"","format":"standard","meta":{"content-type":"","_jetpack_memberships_contains_paid_content":false,"jnews-multi-image_gallery":[],"jnews_single_post":{"format":"standard"},"jnews_primary_category":[],"footnotes":"","jetpack_publicize_message":"","jetpack_publicize_feature_enabled":true,"jetpack_social_post_already_shared":true,"jetpack_social_options":{"image_generator_settings":{"template":"highway","default_image_id":0,"font":"","enabled":false},"version":2}},"categories":[255],"tags":[],"class_list":{"0":"post-1000016272","1":"post","2":"type-post","3":"status-publish","4":"format-standard","5":"has-post-thumbnail","7":"category-sociales"},"jetpack_publicize_connections":[],"jetpack_featured_media_url":"https:\/\/i0.wp.com\/gazzettinoitalianopatagonico.com\/wp-content\/uploads\/2025\/04\/basilica-papale-santa-maria-maggiore-1024x576-1.jpg?fit=1024%2C576&ssl=1","jetpack_likes_enabled":true,"jetpack_sharing_enabled":true,"_links":{"self":[{"href":"https:\/\/gazzettinoitalianopatagonico.com\/index.php?rest_route=\/wp\/v2\/posts\/1000016272","targetHints":{"allow":["GET"]}}],"collection":[{"href":"https:\/\/gazzettinoitalianopatagonico.com\/index.php?rest_route=\/wp\/v2\/posts"}],"about":[{"href":"https:\/\/gazzettinoitalianopatagonico.com\/index.php?rest_route=\/wp\/v2\/types\/post"}],"author":[{"embeddable":true,"href":"https:\/\/gazzettinoitalianopatagonico.com\/index.php?rest_route=\/wp\/v2\/users\/1"}],"replies":[{"embeddable":true,"href":"https:\/\/gazzettinoitalianopatagonico.com\/index.php?rest_route=%2Fwp%2Fv2%2Fcomments&post=1000016272"}],"version-history":[{"count":1,"href":"https:\/\/gazzettinoitalianopatagonico.com\/index.php?rest_route=\/wp\/v2\/posts\/1000016272\/revisions"}],"predecessor-version":[{"id":1000016274,"href":"https:\/\/gazzettinoitalianopatagonico.com\/index.php?rest_route=\/wp\/v2\/posts\/1000016272\/revisions\/1000016274"}],"wp:featuredmedia":[{"embeddable":true,"href":"https:\/\/gazzettinoitalianopatagonico.com\/index.php?rest_route=\/wp\/v2\/media\/1000016273"}],"wp:attachment":[{"href":"https:\/\/gazzettinoitalianopatagonico.com\/index.php?rest_route=%2Fwp%2Fv2%2Fmedia&parent=1000016272"}],"wp:term":[{"taxonomy":"category","embeddable":true,"href":"https:\/\/gazzettinoitalianopatagonico.com\/index.php?rest_route=%2Fwp%2Fv2%2Fcategories&post=1000016272"},{"taxonomy":"post_tag","embeddable":true,"href":"https:\/\/gazzettinoitalianopatagonico.com\/index.php?rest_route=%2Fwp%2Fv2%2Ftags&post=1000016272"}],"curies":[{"name":"wp","href":"https:\/\/api.w.org\/{rel}","templated":true}]}}