{"id":1000016266,"date":"2025-04-24T07:16:47","date_gmt":"2025-04-24T10:16:47","guid":{"rendered":"https:\/\/gazzettinoitalianopatagonico.com\/?p=1000016266"},"modified":"2025-04-24T07:16:48","modified_gmt":"2025-04-24T10:16:48","slug":"torna-il-trento-film-festival-tra-film-e-libri-dedicati-alla-montagna","status":"publish","type":"post","link":"https:\/\/gazzettinoitalianopatagonico.com\/?p=1000016266","title":{"rendered":"Torna il Trento film festival, tra film e libri dedicati alla montagna"},"content":{"rendered":"\n<p>Alpinismo, territori, ambiente e cultura di montagna sono al centro degli eventi organizzati con la collaborazione del Club alpino italiano alla 73esima edizione del Trento Film Festival, in programma dal 25 aprile al 4 maggio. Il cinema avr\u00e0 un ruolo di primo piano, con proiezioni di film realizzati in collaborazione o con il patrocinio del Cai, ma non mancheranno eventi sull&#8217;esplorazione di nuovi itinerari fuori dai confini nazionali, serate con gli attuali protagonisti dell&#8217;alpinismo e presentazioni delle ultime novit\u00e0 editoriali con marchio Cai Edizioni. E dunque, sabato 26 aprile, alle 21 al supercinema Vittoria, sar\u00e0 proiettato il docufilm \u00abMar de Molada\u00bb di Marco Segato, con Marco Paolini. L&#8217;opera racconta il percorso teatrale, parte di \u00abAtlante delle Rive\u00bb, che esplora l&#8217;Italia attraverso i distretti idrografici, i fiumi, le rive, le storie, realizzato con il sostegno del Cai. Luned\u00ec 28 aprile (ore 19, Supercinema Vittoria) \u00e8 il giorno della presentazione in anteprima del film \u00abTra natura e quota, Giovanni Storti sopravvive alle Alpi Apuane\u00bb di Giorgia Lorenzato e Manuel Zarpellon. Prodotto e distribuito da Cineblend in collaborazione con il Cai, il docufilm \u00e8 un viaggio virtuale lungo la via ferrata pi\u00f9 antica d&#8217;Italia, con il quale Giovanni Storti ci porta sulle Alpi Apuane, tra biodiversit\u00e0 e sicurezza in montagna. Ospiti in sala lo stesso Giovanni Storti, insieme ai registi. Venerd\u00ec 2 maggio alle 21, all&#8217;Auditorium Santa Chiara, \u00e8 in programma la presentazione in anteprima del film \u00abMauro Corona: la mia vita finch\u00e9 capita\u00bb. Il documentario, diretto da Niccol\u00f2 Maria Pagani, \u00e8 prodotto da Ushuaia Film e Wanted Cinema e con il patrocinio del Club alpino italiano. All&#8217;evento, Simone Marchi dialoga con Mauro Corona, Davide Van De Sfroos, Mauro Gervasini e il regista. Domenica 27 aprile alle 18.30 al Muse si terr\u00e0 \u00abTracce di pace. La missione della Scuole centrale di scialpinismo nelle Montagne Maledette\u00bb, evento durante il quale il Cai presenter\u00e0 lo stato dell&#8217;arte del progetto \u00abKosovo Snow 2024\u00bb. L&#8217;obiettivo \u00e8 trasformare un territorio segnato dalla storia recente in una destinazione di turismo sostenibile. Al centro dell&#8217;appuntamento il racconto della missione del marzo 2024, durante la quale venti Istruttori di scialpinismo del Cai hanno visitato i territori al confine con Albania e Montenegro, raccogliendo dati e informazioni in vista della pubblicazione di una guida scialpinistica. Alla spedizione ha partecipato anche il presidente generale del Cai Antonio Montani, che ha firmato un protocollo di intenti con la Federazione alpinistica del Kosovo. Mercoled\u00ec 30 aprile alle 21 al Teatro Sociale l&#8217;alpinista Matteo Della Bordella sar\u00e0 il protagonista della serata \u00abAi confini del mondo\u00bb, durante la quale sar\u00e0 intervistato dalla giornalista Margherita Granbassi. Non mancher\u00e0 il racconto della sua recente avventura sulla vetta patagonica del Cerro Piergiorgio, vissuta insieme ai giovani del Cai Eagle Team lo scorso febbraio. Tra questi, interverranno alla serata Marco Cordin, che ha partecipato alla spedizione in Patagonia, ed Erica Bonalda, che ha preso parte alla spedizione del Cai Eagle Team in Oman. Ultimo evento quello di sabato 3 maggio alle 17.30 alla Sala della Filarmonica, intitolato \u00abEnigma VI grado\u00bb: il giornalista Serafino Ripamonti ripercorrer\u00e0 la storia di questo iconico traguardo alpinistico, dialogando con Mirco Grasso, Matteo De Zaiacomo e Fran\u00e7ois Cazzanelli, tre giovani scalatori protagonisti delle recenti spedizioni sostenute dal Cai, che oggi portano avanti l&#8217;eterna ricerca del limite. Capitolo editoria. Marted\u00ec 29 aprile alle 17.30 nel salotto letterario di Montagna Libri si terr\u00e0 la presentazione del volume \u00abFotogrammi in quota. Le Genziane d&#8217;oro del Trento Film Festival (1953-2024)\u00bb di Antonio Massena. L&#8217;evento di presentazione dell&#8217;opera, edita da CAI e Trento Film Festival, vedr\u00e0 Nicoletta Favaron e Mauro Gervasini dialogare con l&#8217;autore. Per quanto riguarda le presentazioni dei libri editi con marchio Cai Edizioni, si comincia domenica 27 aprile (alle 11, Salotto letterario di MontagnaLibri, con \u00abPellegrina delle Alpi\u00bb di Nin\u00ec Pietrasanta, protagonista dell&#8217;alpinismo degli anni &#8217;30. Il direttore editoriale del Cai Andrea Greci dialogher\u00e0 con Lorenzo Boccalatte, figlio di Nin\u00ec Pietrasanta.<\/p>\n\n\n\n<p>Venerd\u00ec 2 maggio (alle 11, Salotto letterario di MontagnaLibri\u00bb), toccher\u00e0 a \u00abIl maestro itinerante\u00bb di Franco Faggiani, un romanzo a met\u00e0 tra la scoperta e la storia gloriosa della Repubblica degli Escartons in Val Pragela. L&#8217;autore dialogher\u00e0 con Fausta Slanzi. Infine, sabato 3 maggio, alle 11, nell&#8217;ambito della sezione del festival dedicata alle giovani generazioni, T4Future (Piazza Fiera), \u00e8 prevista la presentazione del libro \u00abVoci dal Bosco. Incontri silenziosi con piante e alberi\u00bb di Daniele Zovi. L&#8217;autore, che sar\u00e0 presente all&#8217;evento, offre nel libro ritratti di alberi e foreste, tratteggiati da una penna sapiente e coinvolgente.<\/p>\n\n\n\n<p>Maria Anzalone<\/p>\n","protected":false},"excerpt":{"rendered":"<p>Alpinismo, territori, ambiente e cultura di montagna sono al centro degli eventi organizzati con la collaborazione del Club alpino italiano alla 73esima edizione del Trento Film Festival, in programma dal 25 aprile al 4 maggio. Il cinema avr\u00e0 un ruolo di primo piano, con proiezioni di film realizzati in collaborazione o con il patrocinio del [&hellip;]<\/p>\n","protected":false},"author":1,"featured_media":1000016267,"comment_status":"closed","ping_status":"closed","sticky":false,"template":"","format":"standard","meta":{"content-type":"","_jetpack_memberships_contains_paid_content":false,"jnews-multi-image_gallery":[],"jnews_single_post":{"format":"standard"},"jnews_primary_category":[],"footnotes":"","jetpack_publicize_message":"","jetpack_publicize_feature_enabled":true,"jetpack_social_post_already_shared":true,"jetpack_social_options":{"image_generator_settings":{"template":"highway","default_image_id":0,"font":"","enabled":false},"version":2}},"categories":[9],"tags":[],"class_list":{"0":"post-1000016266","1":"post","2":"type-post","3":"status-publish","4":"format-standard","5":"has-post-thumbnail","7":"category-cultura"},"jetpack_publicize_connections":[],"jetpack_featured_media_url":"https:\/\/i0.wp.com\/gazzettinoitalianopatagonico.com\/wp-content\/uploads\/2025\/04\/trento-film-festival-2025-1024x576-1.jpg?fit=1024%2C576&ssl=1","jetpack_likes_enabled":true,"jetpack_sharing_enabled":true,"_links":{"self":[{"href":"https:\/\/gazzettinoitalianopatagonico.com\/index.php?rest_route=\/wp\/v2\/posts\/1000016266","targetHints":{"allow":["GET"]}}],"collection":[{"href":"https:\/\/gazzettinoitalianopatagonico.com\/index.php?rest_route=\/wp\/v2\/posts"}],"about":[{"href":"https:\/\/gazzettinoitalianopatagonico.com\/index.php?rest_route=\/wp\/v2\/types\/post"}],"author":[{"embeddable":true,"href":"https:\/\/gazzettinoitalianopatagonico.com\/index.php?rest_route=\/wp\/v2\/users\/1"}],"replies":[{"embeddable":true,"href":"https:\/\/gazzettinoitalianopatagonico.com\/index.php?rest_route=%2Fwp%2Fv2%2Fcomments&post=1000016266"}],"version-history":[{"count":1,"href":"https:\/\/gazzettinoitalianopatagonico.com\/index.php?rest_route=\/wp\/v2\/posts\/1000016266\/revisions"}],"predecessor-version":[{"id":1000016268,"href":"https:\/\/gazzettinoitalianopatagonico.com\/index.php?rest_route=\/wp\/v2\/posts\/1000016266\/revisions\/1000016268"}],"wp:featuredmedia":[{"embeddable":true,"href":"https:\/\/gazzettinoitalianopatagonico.com\/index.php?rest_route=\/wp\/v2\/media\/1000016267"}],"wp:attachment":[{"href":"https:\/\/gazzettinoitalianopatagonico.com\/index.php?rest_route=%2Fwp%2Fv2%2Fmedia&parent=1000016266"}],"wp:term":[{"taxonomy":"category","embeddable":true,"href":"https:\/\/gazzettinoitalianopatagonico.com\/index.php?rest_route=%2Fwp%2Fv2%2Fcategories&post=1000016266"},{"taxonomy":"post_tag","embeddable":true,"href":"https:\/\/gazzettinoitalianopatagonico.com\/index.php?rest_route=%2Fwp%2Fv2%2Ftags&post=1000016266"}],"curies":[{"name":"wp","href":"https:\/\/api.w.org\/{rel}","templated":true}]}}