{"id":1000016251,"date":"2025-04-24T07:11:53","date_gmt":"2025-04-24T10:11:53","guid":{"rendered":"https:\/\/gazzettinoitalianopatagonico.com\/?p=1000016251"},"modified":"2025-04-24T07:11:55","modified_gmt":"2025-04-24T10:11:55","slug":"il-destino-di-papa-francesco-annunciato-dalla-facies-hippocratica-il-cardiologo-spiega-cose","status":"publish","type":"post","link":"https:\/\/gazzettinoitalianopatagonico.com\/?p=1000016251","title":{"rendered":"Il destino di Papa Francesco annunciato dalla \u00abFacies Hippocratica\u00bb, il cardiologo spiega cos&#8217;\u00e8"},"content":{"rendered":"\n<p>Naso affilato, scarno, dimagrito e sottile, occhi infossati, volto incavato, colore grigio del viso. Secondo numerosi esperti, Papa Francesco mostrava la &#8216;facies hippocratica&#8217; il giorno prima di morire. Di cosa si tratta? Lo spiega alla Dire il professor Leonardo De Luca, direttore della Struttura Complessa di Cardiologia del Policlinico San Matteo di Pavia e vicepresidente dell&#8217;Associazione nazionale medici cardiologi ospedalieri (Anmco).<\/p>\n\n\n\n<p>\u00abLa facies hippocratica- spiega il cardiologo- \u00e8 una descrizione del viso di persone gravemente ammalate. \u00c8 spesso presente nei pazienti molto anziani ed \u00e8 legata agli stadi terminali e alle malattie croniche degenerative. Non \u00e8 per\u00f2 strettamente connessa all&#8217;et\u00e0\u00bb.<\/p>\n\n\n\n<p>Questa condizione questo nome proprio perch\u00e9 viene descritta dal medico greco Ippocrate. \u00abIppocrate diceva che se non c&#8217;\u00e8 un miglioramento delle condizioni entro un determinato tempo, che possono essere ore o giorni, \u00e8 uno stato che preannuncia l&#8217;esito mortale della persona\u00bb.<\/p>\n\n\n\n<p>\u00ab\u00c8 una condizione che riguarda i pazienti in fin di vita- evidenzia De Luca- e si associa alla peritonite o a stati infettivi gravi, come ad esempio la febbre tifoide, e in cardiologia, ma non credo sia il caso del Papa, a pazienti con scompenso cardiaco avanzato. Per\u00f2, in generale, \u00e8 una condizione obiettiva che in qualche modo preannuncia la morte, un segno di semeiotica che indica uno stadio terminale\u00bb.<\/p>\n\n\n\n<p>\u00abIn generale- sottolinea- in medicina la facies indica diversi aspetti ed espressioni del viso, che sono caratteristici di alcuni stati patologici. Esistono differenti tipologie di facies: c&#8217;\u00e8 la facies febrilis, ovvero tipica della febbre con rossore delle guance ed occhi lucidi, la facies tetanica, che riguarda i pazienti con tetano, e la facies parkinsoniana. Vi sono poi obiettivit\u00e0 tipiche dell&#8217;ipotiroidismo, di ipercortisolismo, o della lebbra (facies leonina o leprosa), c&#8217;\u00e8 la facies mitralica, tipica della stenosi valvolare mitralica, di pertinenza cardiologica. E poi, come detto, c&#8217;\u00e8 la facies hippocratica, che coinvolge tutte le discipline mediche, e riguarda tutti i pazienti in fin di vita e che \u00e8 purtroppo salita agli onori della cronaca per Papa Francesco, che dopo il ricovero aveva una facies pi\u00f9 lunare, cortisonica, ovvero pi\u00f9 piena con cute assottigliata e rubizza, mentre l&#8217;ultimo giorno aveva il viso scavato, il naso assottigliato e glI occhi incavati, che proprio nei pazienti con condizioni cliniche avanzate \u00e8 indice del peggioramento delle condizioni cliniche\u00bb.<\/p>\n\n\n\n<p>\u00abNelle ultime settimane- conclude l&#8217;esperto- il Papa ha comunque sempre avuto un volto sofferente. Basta osservare le foto dell&#8217;ultimo giorno per vedere il cambiamento e il suo stato di sofferenza. E questo la dice lunga anche sul sacrificio personale che ha fatto negli ultimi giorni per stare accanto ai fedeli fino all&#8217;ultimo momento\u00bb.<\/p>\n\n\n\n<p>Francesco Demofonti<\/p>\n","protected":false},"excerpt":{"rendered":"<p>Naso affilato, scarno, dimagrito e sottile, occhi infossati, volto incavato, colore grigio del viso. Secondo numerosi esperti, Papa Francesco mostrava la &#8216;facies hippocratica&#8217; il giorno prima di morire. Di cosa si tratta? Lo spiega alla Dire il professor Leonardo De Luca, direttore della Struttura Complessa di Cardiologia del Policlinico San Matteo di Pavia e vicepresidente [&hellip;]<\/p>\n","protected":false},"author":1,"featured_media":1000016252,"comment_status":"closed","ping_status":"closed","sticky":false,"template":"","format":"standard","meta":{"content-type":"","_jetpack_memberships_contains_paid_content":false,"jnews-multi-image_gallery":[],"jnews_single_post":{"format":"standard"},"jnews_primary_category":[],"footnotes":"","jetpack_publicize_message":"","jetpack_publicize_feature_enabled":true,"jetpack_social_post_already_shared":true,"jetpack_social_options":{"image_generator_settings":{"template":"highway","default_image_id":0,"font":"","enabled":false},"version":2}},"categories":[43],"tags":[],"class_list":{"0":"post-1000016251","1":"post","2":"type-post","3":"status-publish","4":"format-standard","5":"has-post-thumbnail","7":"category-salud"},"jetpack_publicize_connections":[],"jetpack_featured_media_url":"https:\/\/i0.wp.com\/gazzettinoitalianopatagonico.com\/wp-content\/uploads\/2025\/04\/papa-francesco-la-faccia-ippocratica-1024x827-1.jpg?fit=1024%2C827&ssl=1","jetpack_likes_enabled":true,"jetpack_sharing_enabled":true,"_links":{"self":[{"href":"https:\/\/gazzettinoitalianopatagonico.com\/index.php?rest_route=\/wp\/v2\/posts\/1000016251","targetHints":{"allow":["GET"]}}],"collection":[{"href":"https:\/\/gazzettinoitalianopatagonico.com\/index.php?rest_route=\/wp\/v2\/posts"}],"about":[{"href":"https:\/\/gazzettinoitalianopatagonico.com\/index.php?rest_route=\/wp\/v2\/types\/post"}],"author":[{"embeddable":true,"href":"https:\/\/gazzettinoitalianopatagonico.com\/index.php?rest_route=\/wp\/v2\/users\/1"}],"replies":[{"embeddable":true,"href":"https:\/\/gazzettinoitalianopatagonico.com\/index.php?rest_route=%2Fwp%2Fv2%2Fcomments&post=1000016251"}],"version-history":[{"count":1,"href":"https:\/\/gazzettinoitalianopatagonico.com\/index.php?rest_route=\/wp\/v2\/posts\/1000016251\/revisions"}],"predecessor-version":[{"id":1000016253,"href":"https:\/\/gazzettinoitalianopatagonico.com\/index.php?rest_route=\/wp\/v2\/posts\/1000016251\/revisions\/1000016253"}],"wp:featuredmedia":[{"embeddable":true,"href":"https:\/\/gazzettinoitalianopatagonico.com\/index.php?rest_route=\/wp\/v2\/media\/1000016252"}],"wp:attachment":[{"href":"https:\/\/gazzettinoitalianopatagonico.com\/index.php?rest_route=%2Fwp%2Fv2%2Fmedia&parent=1000016251"}],"wp:term":[{"taxonomy":"category","embeddable":true,"href":"https:\/\/gazzettinoitalianopatagonico.com\/index.php?rest_route=%2Fwp%2Fv2%2Fcategories&post=1000016251"},{"taxonomy":"post_tag","embeddable":true,"href":"https:\/\/gazzettinoitalianopatagonico.com\/index.php?rest_route=%2Fwp%2Fv2%2Ftags&post=1000016251"}],"curies":[{"name":"wp","href":"https:\/\/api.w.org\/{rel}","templated":true}]}}