{"id":1000016186,"date":"2025-04-23T08:26:22","date_gmt":"2025-04-23T11:26:22","guid":{"rendered":"https:\/\/gazzettinoitalianopatagonico.com\/?p=1000016186"},"modified":"2025-04-23T08:26:24","modified_gmt":"2025-04-23T11:26:24","slug":"bruxelles-spera-che-meloni-possa-contribuire-ad-un-vertice-con-trump","status":"publish","type":"post","link":"https:\/\/gazzettinoitalianopatagonico.com\/?p=1000016186","title":{"rendered":"\u00abBruxelles spera che Meloni possa contribuire ad un vertice con Trump\u00bb"},"content":{"rendered":"\n<p>L&#8217;Ue spera che la premier italiana Giorgia Meloni possa contribuire a un vertice Ue-Usa con il presidente americano Donald Trump. Lo scrive il Financial Times online, riferendo l&#8217;analisi di alcuni funzionari europei. Meloni, riferisce tra l&#8217;altro il quotidiano britannico, \u00abaveva precedentemente discusso la possibilit\u00e0 di un vertice con Ant\u00f3nio Costa, che in qualit\u00e0 di presidente del Consiglio europeo \u00e8 responsabile della convocazione di tali riunioni, e che Costa ha valutato &#8216;positivamente&#8217; tale idea. Anche i funzionari della Commissione europea hanno espresso parole altrettanto positive sul piano\u00bb. L&#8217;Ft ricorda che durante la recente visita, Trump ha definito Meloni \u00abuna grande persona\u00bb, e ha accennato alla possibilit\u00e0 di trovare un accordo commerciale \u00abal 100%\u00bb. Bruxelles spera cos\u00ec che l&#8217;intervento di Meloni possa spingere Trump, che tende a privilegiare i rapporti bilaterali con i singoli Stati, a incontrare i leader Ue, scrive il quotidiano. \u00abLe controparti italiane hanno condiviso con noi informazioni sull&#8217;incontro tra la Meloni e il Presidente Trump\u00bb, comprese le discussioni su un possibile vertice Ue-Usa, ha dichiarato un funzionario europeo all&#8217;Ft. L&#8217;ipotesi \u00e8 stata accolta appunto \u00abpositivamente\u00bb da Costa e \u00abcon favore\u00bb anche dalla Commissione europea, scrive il quotidiano. Nel frattempo, ricorda, Trump ha annunciato che parteciper\u00e0 ai funerali di papa Francesco a Roma nel corso della settimana, un&#8217;occasione potenziale per colloqui informali con i leader dell&#8217;Ue. L&#8217;Ft ricorda la competenza esclusiva della Commissione sugli accordi commerciali e che Trump non ha parlato con la presidente Ursula von der Leyen dal ritorno alla Casa Bianca. \u00abI presidenti degli Stati Uniti di solito raggruppano pi\u00f9 incontri europei in un&#8217;unica visita nel continente &#8211; scrive poi -. Trump dovrebbe recarsi nei Paesi Bassi per il vertice dei leader della Nato a giugno, poco prima della scadenza della sospensione dei dazi doganali, prevista per l&#8217;8 luglio. Questo mese, von der Leyen ha dichiarato al Ft che un buon momento per incontrare Trump sarebbe stato &#8216;quando avremmo raggiunto un buon accordo&#8217; \u00ab.<\/p>\n","protected":false},"excerpt":{"rendered":"<p>L&#8217;Ue spera che la premier italiana Giorgia Meloni possa contribuire a un vertice Ue-Usa con il presidente americano Donald Trump. Lo scrive il Financial Times online, riferendo l&#8217;analisi di alcuni funzionari europei. Meloni, riferisce tra l&#8217;altro il quotidiano britannico, \u00abaveva precedentemente discusso la possibilit\u00e0 di un vertice con Ant\u00f3nio Costa, che in qualit\u00e0 di presidente [&hellip;]<\/p>\n","protected":false},"author":1,"featured_media":1000016187,"comment_status":"closed","ping_status":"closed","sticky":false,"template":"","format":"standard","meta":{"content-type":"","_jetpack_memberships_contains_paid_content":false,"jnews-multi-image_gallery":[],"jnews_single_post":{"format":"standard"},"jnews_primary_category":[],"footnotes":"","jetpack_publicize_message":"","jetpack_publicize_feature_enabled":true,"jetpack_social_post_already_shared":true,"jetpack_social_options":{"image_generator_settings":{"template":"highway","default_image_id":0,"font":"","enabled":false},"version":2}},"categories":[41],"tags":[],"class_list":{"0":"post-1000016186","1":"post","2":"type-post","3":"status-publish","4":"format-standard","5":"has-post-thumbnail","7":"category-mundo"},"jetpack_publicize_connections":[],"jetpack_featured_media_url":"https:\/\/i0.wp.com\/gazzettinoitalianopatagonico.com\/wp-content\/uploads\/2025\/04\/uioo.png?fit=696%2C360&ssl=1","jetpack_likes_enabled":true,"jetpack_sharing_enabled":true,"_links":{"self":[{"href":"https:\/\/gazzettinoitalianopatagonico.com\/index.php?rest_route=\/wp\/v2\/posts\/1000016186","targetHints":{"allow":["GET"]}}],"collection":[{"href":"https:\/\/gazzettinoitalianopatagonico.com\/index.php?rest_route=\/wp\/v2\/posts"}],"about":[{"href":"https:\/\/gazzettinoitalianopatagonico.com\/index.php?rest_route=\/wp\/v2\/types\/post"}],"author":[{"embeddable":true,"href":"https:\/\/gazzettinoitalianopatagonico.com\/index.php?rest_route=\/wp\/v2\/users\/1"}],"replies":[{"embeddable":true,"href":"https:\/\/gazzettinoitalianopatagonico.com\/index.php?rest_route=%2Fwp%2Fv2%2Fcomments&post=1000016186"}],"version-history":[{"count":1,"href":"https:\/\/gazzettinoitalianopatagonico.com\/index.php?rest_route=\/wp\/v2\/posts\/1000016186\/revisions"}],"predecessor-version":[{"id":1000016188,"href":"https:\/\/gazzettinoitalianopatagonico.com\/index.php?rest_route=\/wp\/v2\/posts\/1000016186\/revisions\/1000016188"}],"wp:featuredmedia":[{"embeddable":true,"href":"https:\/\/gazzettinoitalianopatagonico.com\/index.php?rest_route=\/wp\/v2\/media\/1000016187"}],"wp:attachment":[{"href":"https:\/\/gazzettinoitalianopatagonico.com\/index.php?rest_route=%2Fwp%2Fv2%2Fmedia&parent=1000016186"}],"wp:term":[{"taxonomy":"category","embeddable":true,"href":"https:\/\/gazzettinoitalianopatagonico.com\/index.php?rest_route=%2Fwp%2Fv2%2Fcategories&post=1000016186"},{"taxonomy":"post_tag","embeddable":true,"href":"https:\/\/gazzettinoitalianopatagonico.com\/index.php?rest_route=%2Fwp%2Fv2%2Ftags&post=1000016186"}],"curies":[{"name":"wp","href":"https:\/\/api.w.org\/{rel}","templated":true}]}}