{"id":1000013500,"date":"2025-03-10T09:57:48","date_gmt":"2025-03-10T12:57:48","guid":{"rendered":"https:\/\/gazzettinoitalianopatagonico.com\/?p=1000013500"},"modified":"2025-03-10T09:57:49","modified_gmt":"2025-03-10T12:57:49","slug":"tajani-ha-ragione-trump-dobbiamo-arrivare-al-2-del-pil-per-la-difesa","status":"publish","type":"post","link":"https:\/\/gazzettinoitalianopatagonico.com\/?p=1000013500","title":{"rendered":"Tajani: \u00abHa ragione Trump, dobbiamo arrivare al 2% del Pil per la difesa\u00bb"},"content":{"rendered":"\n<p>\u00abIl Governo italiano condivide la proposta di Ursula von der Leyen approvata da tutti i Governi europei: noi non utilizzeremo i fondi per la coesione per aumentare le spese della difesa perch\u00e9 riteniamo debbano essere usati per altro, come scuola o sanit\u00e0, ma siamo determinati ad andare avanti\u00bb. Lo ha detto il vicepremier e ministro degli Esteri, Antonio Tajani, intervenendo a 4 di Sera, in onda su Rete 4. \u00abNon confondiamo la sicurezza con la guerra o la pace- ha sottolineato Tajani- La pace si difende anche rinforzando la propria sicurezza, l&#8217;Europa \u00e8 nata per far vivere in pace gli europei e uno dei fondatori dell&#8217;Ue, Alcide De Gasperi insisteva molto perch\u00e9 ci fosse una difesa comune europea, poi impedita dalla Francia. Era un punto fermo del presidente Berlusconi, e le scelte europeiste vanno in questa direzione per una sicurezza che vada dall&#8217;Ucraina fino all&#8217;Atlantico. Sicurezza non significa solo bombe e carri armati\u00bb. \u00abDobbiamo lavorare per rispettare gli impegni che abbiamo con la Nato e dobbiamo arrivare al 2% del Pil, perch\u00e9 se vogliamo che la Nato sia un&#8217;alleanza politico-militare equilibrata noi dobbiamo fare la nostra parte, perch\u00e9 ha ragione Trump quando dice &#8216;dovete fare di pi\u00f9&#8217;. Noi dobbiamo fare di pi\u00f9 per essere considerati di pi\u00f9 e per contare di pi\u00f9\u00bb. L&#8217;Alleanza, ha sottolineato Tajani, \u00ab\u00e8 fatta da due pilastri, quello americano e quello europeo, che sono due facce della stessa medaglia. La medaglia si chiama Occidente. Noi abbiamo il dovere di difendere la sicurezza dell&#8217;Europa per essere parte integrante della Nato e lavorare tutti insieme, senza fughe in avanti, per poi confrontarsi con gli Stati Uniti per raggiungere il migliore risultato possibile. Perch\u00e9 noi abbiamo bisogno degli Stati Uniti, ma gli Stati Uniti hanno anche bisogno dell&#8217;Europa, perch\u00e9 la difesa dell&#8217;Occidente la si fa insieme\u00bb. \u00abI 40mila soldati in pi\u00f9? il ministro Crosetto ha gi\u00e0 detto che non \u00e8 una scelta del ministro, ci sono tanti studi e simulazioni che si fanno per vedere come poter meglio garantire la sicurezza: c&#8217;\u00e8 chi fa questa proposta, c&#8217;\u00e8 chi ne fa altre. Quindi siamo a livello di proposte, a livello di idee, ma \u00e8 il Parlamento che decide: \u00e8 come avere rivelato che c&#8217;era uno studio che qualche tecnico aveva fatto, ma non credo neanche sia arrivato sul tavolo del ministro Crosetto. Ci sono tante proposte, tante idee, bisogna valutarle, ma poi saranno il Parlamento e il Governo a decidere\u00bb.<\/p>\n\n\n\n<p>Gabriele Narducci<\/p>\n","protected":false},"excerpt":{"rendered":"<p>\u00abIl Governo italiano condivide la proposta di Ursula von der Leyen approvata da tutti i Governi europei: noi non utilizzeremo i fondi per la coesione per aumentare le spese della difesa perch\u00e9 riteniamo debbano essere usati per altro, come scuola o sanit\u00e0, ma siamo determinati ad andare avanti\u00bb. Lo ha detto il vicepremier e ministro [&hellip;]<\/p>\n","protected":false},"author":1,"featured_media":1000013501,"comment_status":"closed","ping_status":"closed","sticky":false,"template":"","format":"standard","meta":{"content-type":"","_jetpack_memberships_contains_paid_content":false,"jnews-multi-image_gallery":[],"jnews_single_post":{"format":"standard"},"jnews_primary_category":[],"footnotes":"","jetpack_publicize_message":"","jetpack_publicize_feature_enabled":true,"jetpack_social_post_already_shared":true,"jetpack_social_options":{"image_generator_settings":{"template":"highway","default_image_id":0,"font":"","enabled":false},"version":2}},"categories":[46],"tags":[],"class_list":{"0":"post-1000013500","1":"post","2":"type-post","3":"status-publish","4":"format-standard","5":"has-post-thumbnail","7":"category-italia"},"jetpack_publicize_connections":[],"jetpack_featured_media_url":"https:\/\/i0.wp.com\/gazzettinoitalianopatagonico.com\/wp-content\/uploads\/2025\/03\/Antonio-Tajani-1024x576-1.jpg?fit=1024%2C576&ssl=1","jetpack_likes_enabled":true,"jetpack_sharing_enabled":true,"_links":{"self":[{"href":"https:\/\/gazzettinoitalianopatagonico.com\/index.php?rest_route=\/wp\/v2\/posts\/1000013500","targetHints":{"allow":["GET"]}}],"collection":[{"href":"https:\/\/gazzettinoitalianopatagonico.com\/index.php?rest_route=\/wp\/v2\/posts"}],"about":[{"href":"https:\/\/gazzettinoitalianopatagonico.com\/index.php?rest_route=\/wp\/v2\/types\/post"}],"author":[{"embeddable":true,"href":"https:\/\/gazzettinoitalianopatagonico.com\/index.php?rest_route=\/wp\/v2\/users\/1"}],"replies":[{"embeddable":true,"href":"https:\/\/gazzettinoitalianopatagonico.com\/index.php?rest_route=%2Fwp%2Fv2%2Fcomments&post=1000013500"}],"version-history":[{"count":1,"href":"https:\/\/gazzettinoitalianopatagonico.com\/index.php?rest_route=\/wp\/v2\/posts\/1000013500\/revisions"}],"predecessor-version":[{"id":1000013502,"href":"https:\/\/gazzettinoitalianopatagonico.com\/index.php?rest_route=\/wp\/v2\/posts\/1000013500\/revisions\/1000013502"}],"wp:featuredmedia":[{"embeddable":true,"href":"https:\/\/gazzettinoitalianopatagonico.com\/index.php?rest_route=\/wp\/v2\/media\/1000013501"}],"wp:attachment":[{"href":"https:\/\/gazzettinoitalianopatagonico.com\/index.php?rest_route=%2Fwp%2Fv2%2Fmedia&parent=1000013500"}],"wp:term":[{"taxonomy":"category","embeddable":true,"href":"https:\/\/gazzettinoitalianopatagonico.com\/index.php?rest_route=%2Fwp%2Fv2%2Fcategories&post=1000013500"},{"taxonomy":"post_tag","embeddable":true,"href":"https:\/\/gazzettinoitalianopatagonico.com\/index.php?rest_route=%2Fwp%2Fv2%2Ftags&post=1000013500"}],"curies":[{"name":"wp","href":"https:\/\/api.w.org\/{rel}","templated":true}]}}