{"id":1000013479,"date":"2025-03-10T08:54:10","date_gmt":"2025-03-10T11:54:10","guid":{"rendered":"https:\/\/gazzettinoitalianopatagonico.com\/?p=1000013479"},"modified":"2025-03-10T08:54:12","modified_gmt":"2025-03-10T11:54:12","slug":"papa-francesco-riposa-la-notte-e-stata-tranquilla","status":"publish","type":"post","link":"https:\/\/gazzettinoitalianopatagonico.com\/?p=1000013479","title":{"rendered":"Papa Francesco \u00abriposa, la notte \u00e8 stata tranquilla\u00bb"},"content":{"rendered":"\n<p>Poche stringate parole dalla sala stampa del Vaticano, ma positive, per aggiornare sulle condizioni di salute del Pontefice, ricoverato al Policlinico Gemelli di Roma dal 14 febbraio scorso. Non un vero e proprio bollettino, ma una decina di parole fanno infatti sapere che la notte per Papa Bergoglio \u00e8 stata tranquilla e che ora riposa. Niente di pi\u00f9, dopo invece un approfondito comunicato diramato ieri sera per informare sul miglioramento delle sue condizioni, anche se \u00abgraduale e lieve\u00bb. E proprio per la stabilit\u00e0 delle sue condizioni cliniche, il Vaticano aveva anticipato che oggi non avrebbe diramato l&#8217;ormai tradizionale e quotidiano aggiornamento medico, ma l&#8217;avrebbe posticipato a domani, luned\u00ec. \u00c8 stato poi confermato che anche questa domenica il testo dell&#8217;Angelus verr\u00e0 diffuso in forma scritta. Ecco cosa aveva riportato il bollettino di ieri sera, sabato 8 marzo.<\/p>\n\n\n\n<p>\u00abGraduale, lieve miglioramento\u00bb per Papa Francesco le cui condizioni cliniche \u00abmostrano una buona risposta alle terapie. La prognosi rimane riservata\u00bb. \u00c9 l&#8217;aggiornamento sanitario, di sabato sera, 8 marzo, che arriva dalla Sala Stampa della Santa Sede su Papa Francesco: \u00abLe condizioni cliniche del Santo Padre negli ultimi giorni sono rimaste stabili e, di conseguenza, mostrano una buona risposta alle terapie- si spiega infatti- C&#8217;\u00e8 quindi un graduale, lieve miglioramento\u00bb. Nel corso della giornata di sabato quindi, \u00abil Santo Padre \u00e8 stato senza febbre in ogni momento. I risultati degli esami ematochimici ed emocromocitometrici sono stabili\u00bb. Ad ogni modo, \u00abper monitorare questi primi miglioramenti anche nei prossimi giorni, i medici confermano in linea prudenziale che la prognosi \u00e8 ancora riservata\u00bb.<\/p>\n\n\n\n<p>Il bollettino rivela qualche dettaglio del sabato trascorso da Papa Bergoglio: \u00abIn mattinata, dopo aver ricevuto l&#8217;Eucaristia, il Santo Padre ha pregato nella cappella dell&#8217;appartamento privato, mentre nel pomeriggio ha alternato riposo e attivit\u00e0 lavorative\u00bb. La Sala Stampa della Santa Sede ha inoltre aggiunto che, come previsto, il Papa, dopo aver ricevuto ossigenazione ad alto flusso con cannule nasali durante il giorno, passer\u00e0 alla ventilazione meccanica non invasiva durante la notte. E ancora: \u00abIl Papa seguir\u00e0 gli esercizi spirituali, che inizieranno domani, in comunione spirituale con la Curia Romana. Il testo dell&#8217;Angelus del Papa sar\u00e0 distribuito come gi\u00e0 fatto nelle scorse domeniche\u00bb. Infine, la Sala stampa aveva poi anticipato che l&#8217;aggiornamento medico sarebbe potuto non essere pubblicato fino a domani, luned\u00ec 10 marzo, \u00abdata la stabilit\u00e0 delle sue condizioni cliniche\u00bb.<\/p>\n\n\n\n<p>Marco Barbato<\/p>\n","protected":false},"excerpt":{"rendered":"<p>Poche stringate parole dalla sala stampa del Vaticano, ma positive, per aggiornare sulle condizioni di salute del Pontefice, ricoverato al Policlinico Gemelli di Roma dal 14 febbraio scorso. Non un vero e proprio bollettino, ma una decina di parole fanno infatti sapere che la notte per Papa Bergoglio \u00e8 stata tranquilla e che ora riposa. [&hellip;]<\/p>\n","protected":false},"author":1,"featured_media":1000013480,"comment_status":"closed","ping_status":"closed","sticky":false,"template":"","format":"standard","meta":{"content-type":"","_jetpack_memberships_contains_paid_content":false,"jnews-multi-image_gallery":[],"jnews_single_post":{"format":"standard"},"jnews_primary_category":[],"footnotes":"","jetpack_publicize_message":"","jetpack_publicize_feature_enabled":true,"jetpack_social_post_already_shared":true,"jetpack_social_options":{"image_generator_settings":{"template":"highway","default_image_id":0,"font":"","enabled":false},"version":2}},"categories":[255],"tags":[],"class_list":{"0":"post-1000013479","1":"post","2":"type-post","3":"status-publish","4":"format-standard","5":"has-post-thumbnail","7":"category-sociales"},"jetpack_publicize_connections":[],"jetpack_featured_media_url":"https:\/\/i0.wp.com\/gazzettinoitalianopatagonico.com\/wp-content\/uploads\/2025\/03\/papa-francesco-vatican-news.jpg?fit=1024%2C682&ssl=1","jetpack_likes_enabled":true,"jetpack_sharing_enabled":true,"_links":{"self":[{"href":"https:\/\/gazzettinoitalianopatagonico.com\/index.php?rest_route=\/wp\/v2\/posts\/1000013479","targetHints":{"allow":["GET"]}}],"collection":[{"href":"https:\/\/gazzettinoitalianopatagonico.com\/index.php?rest_route=\/wp\/v2\/posts"}],"about":[{"href":"https:\/\/gazzettinoitalianopatagonico.com\/index.php?rest_route=\/wp\/v2\/types\/post"}],"author":[{"embeddable":true,"href":"https:\/\/gazzettinoitalianopatagonico.com\/index.php?rest_route=\/wp\/v2\/users\/1"}],"replies":[{"embeddable":true,"href":"https:\/\/gazzettinoitalianopatagonico.com\/index.php?rest_route=%2Fwp%2Fv2%2Fcomments&post=1000013479"}],"version-history":[{"count":1,"href":"https:\/\/gazzettinoitalianopatagonico.com\/index.php?rest_route=\/wp\/v2\/posts\/1000013479\/revisions"}],"predecessor-version":[{"id":1000013481,"href":"https:\/\/gazzettinoitalianopatagonico.com\/index.php?rest_route=\/wp\/v2\/posts\/1000013479\/revisions\/1000013481"}],"wp:featuredmedia":[{"embeddable":true,"href":"https:\/\/gazzettinoitalianopatagonico.com\/index.php?rest_route=\/wp\/v2\/media\/1000013480"}],"wp:attachment":[{"href":"https:\/\/gazzettinoitalianopatagonico.com\/index.php?rest_route=%2Fwp%2Fv2%2Fmedia&parent=1000013479"}],"wp:term":[{"taxonomy":"category","embeddable":true,"href":"https:\/\/gazzettinoitalianopatagonico.com\/index.php?rest_route=%2Fwp%2Fv2%2Fcategories&post=1000013479"},{"taxonomy":"post_tag","embeddable":true,"href":"https:\/\/gazzettinoitalianopatagonico.com\/index.php?rest_route=%2Fwp%2Fv2%2Ftags&post=1000013479"}],"curies":[{"name":"wp","href":"https:\/\/api.w.org\/{rel}","templated":true}]}}