{"id":1000013469,"date":"2025-03-10T02:25:55","date_gmt":"2025-03-10T05:25:55","guid":{"rendered":"https:\/\/gazzettinoitalianopatagonico.com\/?p=1000013469"},"modified":"2025-03-10T02:26:16","modified_gmt":"2025-03-10T05:26:16","slug":"mattarella-lerosione-del-tabu-nucleare-e-inquietante-in-gioco-il-destino-dellumanita","status":"publish","type":"post","link":"https:\/\/gazzettinoitalianopatagonico.com\/?p=1000013469","title":{"rendered":"Mattarella: \u00abL&#8217;erosione del tab\u00f9 nucleare \u00e8 inquietante. In gioco il destino dell&#8217;umanit\u00e0\u00bb"},"content":{"rendered":"\n<p>\u00abIl Trattato di non proliferazione del 1968, ancora oggi architrave della vita internazionale, cristallizza un impegno che ogni Stato ha assunto il dovere di onorare. Eppure oggi l&#8217;architettura del disarmo e della stessa non proliferazione delle armi di distruzione di massa appare minata da irresponsabili retoriche di conflitto, quando non da conflitti in atto. Minacce di ricorso agli ordigni nucleari sono pronunciate con sconsideratezza inquietante, sono in gioco i destini dell&#8217;umanit\u00e0\u00bb. Lo ha detto il Presidente della Repubblica, Sergio Mattarella incontrando il presidente di Nihon, Hidankyo Toshiyuki Mimaki e l&#8217;Associazione Hidankyo dopo la visita al Memoriale della Pace di Hiroshima, in Giappone.<\/p>\n\n\n\n<p>\u00abTrattati fondamentali sono ostacolati o abbandonati. Si vagheggia persino di armare lo spazio extra atmosferico, sottraendolo a una cooperazione pacifica a beneficio di tutti- ha sottolineato Mattarella- Il tab\u00f9 nucleare, pilastro nei rapporti internazionali per decenni, viene eroso, pubblicizzando l&#8217;esistenza di armamenti atomici di cui si sottolinea la portata cosiddetta limitata, controllabile, asseritamente circoscritta a singoli teatri di operazioni e dunque implicitamente suggerendo la loro accettabilit\u00e0 nell&#8217;ambito di guerre che si pretenderebbero locali\u00bb.<\/p>\n\n\n\n<p>\u00abLa vostra azione di valore universale ha saputo ispirare i tanti movimenti che nel mondo hanno testimoniato opposizione all&#8217;arma atomica e al suo uso. Anche in Italia si prese coscienza, per usare le parole della scrittrice Elsa Morante, contro l&#8217;occulta tentazione di disintegrarsi con le bombe, orchesse e balene. Grazie, cari Hibakusha, per aver sottolineato che l&#8217;orrore da voi vissuto deve rimanere unico, tragico spartiacque nella storia. Una cesura irreversibile nel percorso dell&#8217;umanit\u00e0, affinch\u00e9 non sia pi\u00f9 varcata la soglia dell&#8217;annientamento nucleare\u00bb.<\/p>\n\n\n\n<p>Per Mattarella \u00abil dramma che si \u00e8 consumato a Hiroshima e Nagasaki suona a sufficienza quale richiamo alle coscienze sulla capacit\u00e0 autodistruttiva che l&#8217;umanit\u00e0 ha generato. A 80 anni di distanza, quei due lampi accecanti, quelle due onde d&#8217;urto inimmaginabili, costituiscono ancora oggi un mondo intangibile e il fulcro di una coscienza avvertita. L&#8217;atrocit\u00e0 di quei due momenti, le terribili conseguenze delle radiazioni contribuirono a formare il consenso internazionale intorno a un imperativo morale, che la bomba atomica non dovesse mai pi\u00f9 essere utilizzata. Da quell&#8217;orrore trasse nuovo vigore il dibattito sul disarmo\u00bb.<\/p>\n\n\n\n<p>Gabriele Narducci<\/p>\n","protected":false},"excerpt":{"rendered":"<p>\u00abIl Trattato di non proliferazione del 1968, ancora oggi architrave della vita internazionale, cristallizza un impegno che ogni Stato ha assunto il dovere di onorare. Eppure oggi l&#8217;architettura del disarmo e della stessa non proliferazione delle armi di distruzione di massa appare minata da irresponsabili retoriche di conflitto, quando non da conflitti in atto. Minacce [&hellip;]<\/p>\n","protected":false},"author":1,"featured_media":1000013470,"comment_status":"closed","ping_status":"closed","sticky":false,"template":"","format":"standard","meta":{"content-type":"","_jetpack_memberships_contains_paid_content":false,"jnews-multi-image_gallery":[],"jnews_single_post":{"format":"standard"},"jnews_primary_category":[],"footnotes":"","jetpack_publicize_message":"","jetpack_publicize_feature_enabled":true,"jetpack_social_post_already_shared":true,"jetpack_social_options":{"image_generator_settings":{"template":"highway","default_image_id":0,"font":"","enabled":false},"version":2}},"categories":[32],"tags":[],"class_list":{"0":"post-1000013469","1":"post","2":"type-post","3":"status-publish","4":"format-standard","5":"has-post-thumbnail","7":"category-politica"},"jetpack_publicize_connections":[],"jetpack_featured_media_url":"https:\/\/i0.wp.com\/gazzettinoitalianopatagonico.com\/wp-content\/uploads\/2025\/03\/Imagoeconomica_mattarella-1-1024x683-1.jpg?fit=1024%2C683&ssl=1","jetpack_likes_enabled":true,"jetpack_sharing_enabled":true,"_links":{"self":[{"href":"https:\/\/gazzettinoitalianopatagonico.com\/index.php?rest_route=\/wp\/v2\/posts\/1000013469","targetHints":{"allow":["GET"]}}],"collection":[{"href":"https:\/\/gazzettinoitalianopatagonico.com\/index.php?rest_route=\/wp\/v2\/posts"}],"about":[{"href":"https:\/\/gazzettinoitalianopatagonico.com\/index.php?rest_route=\/wp\/v2\/types\/post"}],"author":[{"embeddable":true,"href":"https:\/\/gazzettinoitalianopatagonico.com\/index.php?rest_route=\/wp\/v2\/users\/1"}],"replies":[{"embeddable":true,"href":"https:\/\/gazzettinoitalianopatagonico.com\/index.php?rest_route=%2Fwp%2Fv2%2Fcomments&post=1000013469"}],"version-history":[{"count":1,"href":"https:\/\/gazzettinoitalianopatagonico.com\/index.php?rest_route=\/wp\/v2\/posts\/1000013469\/revisions"}],"predecessor-version":[{"id":1000013471,"href":"https:\/\/gazzettinoitalianopatagonico.com\/index.php?rest_route=\/wp\/v2\/posts\/1000013469\/revisions\/1000013471"}],"wp:featuredmedia":[{"embeddable":true,"href":"https:\/\/gazzettinoitalianopatagonico.com\/index.php?rest_route=\/wp\/v2\/media\/1000013470"}],"wp:attachment":[{"href":"https:\/\/gazzettinoitalianopatagonico.com\/index.php?rest_route=%2Fwp%2Fv2%2Fmedia&parent=1000013469"}],"wp:term":[{"taxonomy":"category","embeddable":true,"href":"https:\/\/gazzettinoitalianopatagonico.com\/index.php?rest_route=%2Fwp%2Fv2%2Fcategories&post=1000013469"},{"taxonomy":"post_tag","embeddable":true,"href":"https:\/\/gazzettinoitalianopatagonico.com\/index.php?rest_route=%2Fwp%2Fv2%2Ftags&post=1000013469"}],"curies":[{"name":"wp","href":"https:\/\/api.w.org\/{rel}","templated":true}]}}