{"id":1000013428,"date":"2025-03-10T01:51:19","date_gmt":"2025-03-10T04:51:19","guid":{"rendered":"https:\/\/gazzettinoitalianopatagonico.com\/?p=1000013428"},"modified":"2025-03-10T01:51:21","modified_gmt":"2025-03-10T04:51:21","slug":"i-biologi-contro-gli-esami-diagnostici-refertati-in-farmacia-siamo-pronti-alle-barricate","status":"publish","type":"post","link":"https:\/\/gazzettinoitalianopatagonico.com\/?p=1000013428","title":{"rendered":"I biologi contro gli esami diagnostici refertati in farmacia: \u00abSiamo pronti alle barricate\u00bb"},"content":{"rendered":"\n<p>\u00abSiamo preoccupati ed al tempo stesso allibiti per alcune dichiarazioni del segretario nazionale di Assofarm riguardo all&#8217;Intesa sull&#8217;Accordo collettivo nazionale per le farmacie. In particolare, si afferma che i farmacisti potrebbero firmare referti di esami di prima istanza, suggerendo che le attrezzature in farmacia sarebbero simili a quelle dei laboratori di analisi. Tuttavia, non esiste alcuna norma che consenta ai farmacisti di firmare referti diagnostici, e la legge vieta esplicitamente loro di svolgere attivit\u00e0 di prescrizione e diagnosi\u00bb. Lo dichiara, in una nota, il sen. Vincenzo D&#8217;Anna, presidente della Federazione Nazionale degli Ordini dei Biologi (Fnob), specificando che \u00abla differenza tra esami su sangue venoso e capillare \u00e8 molto significativa, paragonabile a quella tra il sole e la luna\u00bb.<\/p>\n\n\n\n<p>Per D&#8217;Anna: \u00ab\u00c8 importante valutare i requisiti tecnologici, strutturali e organizzativi dei laboratori di analisi, cos\u00ec come i controlli di qualit\u00e0 a cui essi sono sottoposti, prima di trarre conclusioni sulla loro comparabilit\u00e0\u00bb. Il problema, aggiunge ancora il rappresentante dei Biologi italiani \u00abnon \u00e8 tanto l&#8217;estensione dei servizi fruibili in farmacia, quanto lo sconfinamento degli ambiti professionali per i quali non si posseggono adeguate competenze. Non vi \u00e8 dubbio che anche per gli esami di prima istanza sia necessaria l&#8217;assunzione di responsabilit\u00e0 dell&#8217;attivit\u00e0 di refertazione, ma questa non pu\u00f2 essere demandata al farmacista. Si deve, dunque, prevedere che le farmacie che intendano svolgere esami diagnostici, ancorch\u00e9 di prima istanza, siano tenute ad instaurare rapporti con laboratori accreditati pubblici o privati, oppure con professionisti abilitati per legge\u00bb. \u00abCome Fnob- conclude D&#8217;Anna- siamo pronti a fare le barricate, anche attraverso il ricorso sistematico all&#8217;autorit\u00e0 giudiziaria di ogni ordine (comprese Procura della Repubblica e Corte dei Conti), rispetto a tanta lesione delle prerogative e delle speciali competenze delle professioni sanitarie abilitate a validare gli esami di laboratorio e sul che pi\u00f9 conta a tutelare la salute dei pazienti\u00bb.<\/p>\n\n\n\n<p>Marco Ferrari<\/p>\n","protected":false},"excerpt":{"rendered":"<p>\u00abSiamo preoccupati ed al tempo stesso allibiti per alcune dichiarazioni del segretario nazionale di Assofarm riguardo all&#8217;Intesa sull&#8217;Accordo collettivo nazionale per le farmacie. In particolare, si afferma che i farmacisti potrebbero firmare referti di esami di prima istanza, suggerendo che le attrezzature in farmacia sarebbero simili a quelle dei laboratori di analisi. Tuttavia, non esiste [&hellip;]<\/p>\n","protected":false},"author":1,"featured_media":1000013429,"comment_status":"closed","ping_status":"closed","sticky":false,"template":"","format":"standard","meta":{"content-type":"","_jetpack_memberships_contains_paid_content":false,"jnews-multi-image_gallery":[],"jnews_single_post":{"format":"standard"},"jnews_primary_category":[],"footnotes":"","jetpack_publicize_message":"","jetpack_publicize_feature_enabled":true,"jetpack_social_post_already_shared":true,"jetpack_social_options":{"image_generator_settings":{"template":"highway","default_image_id":0,"font":"","enabled":false},"version":2}},"categories":[43],"tags":[],"class_list":{"0":"post-1000013428","1":"post","2":"type-post","3":"status-publish","4":"format-standard","5":"has-post-thumbnail","7":"category-salud"},"jetpack_publicize_connections":[],"jetpack_featured_media_url":"https:\/\/i0.wp.com\/gazzettinoitalianopatagonico.com\/wp-content\/uploads\/2025\/03\/farmacia2-1024x679-1.jpeg?fit=1024%2C679&ssl=1","jetpack_likes_enabled":true,"jetpack_sharing_enabled":true,"_links":{"self":[{"href":"https:\/\/gazzettinoitalianopatagonico.com\/index.php?rest_route=\/wp\/v2\/posts\/1000013428","targetHints":{"allow":["GET"]}}],"collection":[{"href":"https:\/\/gazzettinoitalianopatagonico.com\/index.php?rest_route=\/wp\/v2\/posts"}],"about":[{"href":"https:\/\/gazzettinoitalianopatagonico.com\/index.php?rest_route=\/wp\/v2\/types\/post"}],"author":[{"embeddable":true,"href":"https:\/\/gazzettinoitalianopatagonico.com\/index.php?rest_route=\/wp\/v2\/users\/1"}],"replies":[{"embeddable":true,"href":"https:\/\/gazzettinoitalianopatagonico.com\/index.php?rest_route=%2Fwp%2Fv2%2Fcomments&post=1000013428"}],"version-history":[{"count":1,"href":"https:\/\/gazzettinoitalianopatagonico.com\/index.php?rest_route=\/wp\/v2\/posts\/1000013428\/revisions"}],"predecessor-version":[{"id":1000013430,"href":"https:\/\/gazzettinoitalianopatagonico.com\/index.php?rest_route=\/wp\/v2\/posts\/1000013428\/revisions\/1000013430"}],"wp:featuredmedia":[{"embeddable":true,"href":"https:\/\/gazzettinoitalianopatagonico.com\/index.php?rest_route=\/wp\/v2\/media\/1000013429"}],"wp:attachment":[{"href":"https:\/\/gazzettinoitalianopatagonico.com\/index.php?rest_route=%2Fwp%2Fv2%2Fmedia&parent=1000013428"}],"wp:term":[{"taxonomy":"category","embeddable":true,"href":"https:\/\/gazzettinoitalianopatagonico.com\/index.php?rest_route=%2Fwp%2Fv2%2Fcategories&post=1000013428"},{"taxonomy":"post_tag","embeddable":true,"href":"https:\/\/gazzettinoitalianopatagonico.com\/index.php?rest_route=%2Fwp%2Fv2%2Ftags&post=1000013428"}],"curies":[{"name":"wp","href":"https:\/\/api.w.org\/{rel}","templated":true}]}}