{"id":1000013425,"date":"2025-03-10T01:49:28","date_gmt":"2025-03-10T04:49:28","guid":{"rendered":"https:\/\/gazzettinoitalianopatagonico.com\/?p=1000013425"},"modified":"2025-03-10T01:49:29","modified_gmt":"2025-03-10T04:49:29","slug":"onori-az-il-governo-acceleri-sullaccordo-per-la-doppia-cittadinanza-con-la-spagna","status":"publish","type":"post","link":"https:\/\/gazzettinoitalianopatagonico.com\/?p=1000013425","title":{"rendered":"Onori (Az): \u00abIl Governo acceleri sull&#8217;accordo per la doppia cittadinanza con la Spagna\u00bb"},"content":{"rendered":"\n<p>\u00abLa legislazione spagnola impone agli stranieri residenti che vogliono ottenere la cittadinanza di rinunciare a quella d&#8217;origine, creando un problema per oltre 300.000 italiani che vivono in Spagna. Questo obbligo limita i loro diritti, costringendoli a scegliere tra mantenere la cittadinanza italiana o partecipare pienamente alla vita politica e sociale del Paese, ostacolando una vera e completa integrazione. Come richiesto dalle comunit\u00e0 italiane in Spagna, dal Comites e dal CGIE, abbiamo pi\u00f9 volte sollecitato il Governo a negoziare un accordo bilaterale sul modello di quello gi\u00e0 siglato tra Spagna e Francia. Un anno fa, a maggio 2024, la Commissione Esteri ha approvato all&#8217;unanimit\u00e0 una risoluzione di Azione per impegnare l&#8217;esecutivo a finalizzare l&#8217;intesa nel pi\u00f9 breve tempo possibile. Ma siamo gi\u00e0 a met\u00e0 legislatura e ancora non si vedono risultati concreti\u00bb ha dichiarato la deputata di Azione e membro della commissione Esteri Federica Onori, presentando un&#8217;interpellanza urgente in aula.<\/p>\n\n\n\n<p>\u00abLo scorso ottobre, durante il IV Foro Parlamentare Italia-Spagna a Madrid, siamo riusciti a inserire per la prima volta nelle conclusioni finali una dichiarazione congiunta sulla questione. E voglio ancora ringraziare i colleghi della delegazione, opposizione e maggioranza, che hanno sostenuto questa mia proposta. Ma ora spetta al Governo fare la sua parte. Serve un segnale chiaro di volont\u00e0 politica per garantire a questi cittadini il diritto di integrarsi senza dover rinunciare alla propria identit\u00e0\u00bb ha concluso Onori.<\/p>\n","protected":false},"excerpt":{"rendered":"<p>\u00abLa legislazione spagnola impone agli stranieri residenti che vogliono ottenere la cittadinanza di rinunciare a quella d&#8217;origine, creando un problema per oltre 300.000 italiani che vivono in Spagna. Questo obbligo limita i loro diritti, costringendoli a scegliere tra mantenere la cittadinanza italiana o partecipare pienamente alla vita politica e sociale del Paese, ostacolando una vera [&hellip;]<\/p>\n","protected":false},"author":1,"featured_media":1000012540,"comment_status":"closed","ping_status":"closed","sticky":false,"template":"","format":"standard","meta":{"content-type":"","_jetpack_memberships_contains_paid_content":false,"jnews-multi-image_gallery":[],"jnews_single_post":{"format":"standard"},"jnews_primary_category":[],"footnotes":"","jetpack_publicize_message":"","jetpack_publicize_feature_enabled":true,"jetpack_social_post_already_shared":true,"jetpack_social_options":{"image_generator_settings":{"template":"highway","default_image_id":0,"font":"","enabled":false},"version":2}},"categories":[46,32],"tags":[],"class_list":{"0":"post-1000013425","1":"post","2":"type-post","3":"status-publish","4":"format-standard","5":"has-post-thumbnail","7":"category-italia","8":"category-politica"},"jetpack_publicize_connections":[],"jetpack_featured_media_url":"https:\/\/i0.wp.com\/gazzettinoitalianopatagonico.com\/wp-content\/uploads\/2025\/02\/onori-1.png?fit=720%2C390&ssl=1","jetpack_likes_enabled":true,"jetpack_sharing_enabled":true,"_links":{"self":[{"href":"https:\/\/gazzettinoitalianopatagonico.com\/index.php?rest_route=\/wp\/v2\/posts\/1000013425","targetHints":{"allow":["GET"]}}],"collection":[{"href":"https:\/\/gazzettinoitalianopatagonico.com\/index.php?rest_route=\/wp\/v2\/posts"}],"about":[{"href":"https:\/\/gazzettinoitalianopatagonico.com\/index.php?rest_route=\/wp\/v2\/types\/post"}],"author":[{"embeddable":true,"href":"https:\/\/gazzettinoitalianopatagonico.com\/index.php?rest_route=\/wp\/v2\/users\/1"}],"replies":[{"embeddable":true,"href":"https:\/\/gazzettinoitalianopatagonico.com\/index.php?rest_route=%2Fwp%2Fv2%2Fcomments&post=1000013425"}],"version-history":[{"count":1,"href":"https:\/\/gazzettinoitalianopatagonico.com\/index.php?rest_route=\/wp\/v2\/posts\/1000013425\/revisions"}],"predecessor-version":[{"id":1000013426,"href":"https:\/\/gazzettinoitalianopatagonico.com\/index.php?rest_route=\/wp\/v2\/posts\/1000013425\/revisions\/1000013426"}],"wp:featuredmedia":[{"embeddable":true,"href":"https:\/\/gazzettinoitalianopatagonico.com\/index.php?rest_route=\/wp\/v2\/media\/1000012540"}],"wp:attachment":[{"href":"https:\/\/gazzettinoitalianopatagonico.com\/index.php?rest_route=%2Fwp%2Fv2%2Fmedia&parent=1000013425"}],"wp:term":[{"taxonomy":"category","embeddable":true,"href":"https:\/\/gazzettinoitalianopatagonico.com\/index.php?rest_route=%2Fwp%2Fv2%2Fcategories&post=1000013425"},{"taxonomy":"post_tag","embeddable":true,"href":"https:\/\/gazzettinoitalianopatagonico.com\/index.php?rest_route=%2Fwp%2Fv2%2Ftags&post=1000013425"}],"curies":[{"name":"wp","href":"https:\/\/api.w.org\/{rel}","templated":true}]}}