{"id":1000013410,"date":"2025-03-10T01:36:15","date_gmt":"2025-03-10T04:36:15","guid":{"rendered":"https:\/\/gazzettinoitalianopatagonico.com\/?p=1000013410"},"modified":"2025-03-10T01:36:17","modified_gmt":"2025-03-10T04:36:17","slug":"a-torino-aperti-gli-special-olympics-invernali-la-speranza-protagonista-della-cerimonia","status":"publish","type":"post","link":"https:\/\/gazzettinoitalianopatagonico.com\/?p=1000013410","title":{"rendered":"A Torino aperti gli Special Olympics invernali, la speranza protagonista della cerimonia"},"content":{"rendered":"\n<p>\u00abNon lasceremo queste competizioni solo come atleti, ma come campioni pronti per la prossima sfida, per mostrare a tutti, anche al di fuori di Special Olympics, che dovrebbero credere in noi. Perch\u00e9 il futuro non \u00e8 solo davanti a noi, il futuro \u00e8 inclusione, il futuro \u00e8 qui\u00bb. Le parole dell&#8217;atleta maltese Gilmur Borg, Sargent Shriver Global Messenger, hanno acceso l&#8217;entusiasmo dell&#8217;Inalpi Arena, dando ufficialmente il via ai Giochi Mondiali Invernali Special Olympics di Torino 2025, in un&#8217;atmosfera incantata, tra arte e creativit\u00e0, gioia e ammirazione. Una citt\u00e0 piena di orgoglio d\u00e0 il suo benvenuto a 1500 Atleti in rappresentanza di 101 delegazioni dei 5 continenti, accogliendo con i suoi 2000 volontari anche 1000 tecnici e 3000 familiari. L&#8217;evento di ieri sera \u00e8 stato un vero e proprio show con la firma del regista Marco Balich, un&#8217;istituzione in fatto di cerimonie olimpiche. Interamente trasmesso in chiaro da Rai2, ha dato il via a una settimana di competizioni che oltre al capoluogo piemontese toccheranno Torino e le localit\u00e0 alpine di Bardonecchia, Sestriere e Pragelato, teatro di 8 discipline invernali tutte da vivere. Il Team Italia \u00e8 stato l&#8217;ultimo a sfilare sul parterre dell&#8217;Inalpi Arena con una delegazione di 88 persone (63 atleti, 22 tecnici e 3 delegati) ricevendo l&#8217;ovazione del pubblico che ha partecipato con gioia alla Cerimonia. La coreografia, si legge nel comunicato stampa, ha esplorato i temi dell&#8217;avvicinarsi, della relazione tra i corpi e della diversit\u00e0. Anche il palco \u00e8 stato protagonista, interagendo con i performer con rotazioni e pause, creando momenti evocativi di separazione e unit\u00e0. A seguire i discorsi ufficiali. Ad aprire questa fase della Cerimonia \u00e8 stata Patrizia Sandretto Re Rebaudengo, Presidente del Comitato Organizzatore Locale dei Giochi Mondiali Invernali Special Olympics Turin 2025: \u00abLa \u00abFlame of Hope\u00bb rappresenta la speranza nelle piccole cose: un sorriso, una nevicata, una giornata felice. Ma anche la speranza nelle cose pi\u00f9 grandi: una comunit\u00e0 accogliente, una societ\u00e0 equa, un mondo in pace. Voi siete la fiamma della speranza. Portatela avanti. Noi saremo con voi\u00bb. A seguire Stefano Lo Russo, sindaco di Torino: \u00abPer Torino citt\u00e0 olimpica \u00e8 un orgoglio ospitare i Giochi, \u00e8 un&#8217; opportunit\u00e0 di apertura e crescita per tutti noi\u00bb e il Presidente di Special Olympics International Timothy Shriver. \u00abTutti noi qui-che siamo medici o insegnanti, forze dell&#8217;ordine o allenatori, volontari o partner, politici o leader aziendali, leader religiosi o Lions-vogliamo essere coraggiosi come voi. Alcuni di noi sono arrabbiati e confusi. Vogliamo essere coraggiosi come voi e trattare tutti con dignit\u00e0. Alcuni di noi si sentono soli e scoraggiati. Vogliamo essere coraggiosi come voi e cogliere l&#8217;opportunit\u00e0 della vita. Alcuni di noi cercano gioia e uno scopo. Vogliamo perseguirlo essendo coraggiosi e gioiosi come voi. Madri e padri di Special Olympics: brillate di orgoglio questa sera. I vostri figli sono eroi di coraggio. I vostri figli sono l&#8217;invidia del mondo. Gli atleti Special Olympics sono qui per cambiare le vite. Quali, chiederete? \u00able vostre\u00bb. Le vostre. Le mie. Di tutti\u00bb. I loro discorsi hanno anticipato l&#8217;innalzamento della bandiera di Special Olympics, introdotta da 4 atleti tra cui Luca De Pieri, Atleta Special Olympics dello snowboard e 4 olimpionici tra cui il fondista Silvio Fauner e la pattinatrice artistica Carolina Kostner. Un momento particolarmente suggestivo e atteso \u00e8 stato l&#8217;ingresso della torcia, scortata dagli ultimi 9 tedofori ha fatto il giro dell&#8217;Inalpi Arena prima di accendere il tripode per mano di Elisa Parutto, Atleta Azzurra della danza sportiva. La fiamma della speranza che ha completato cos\u00ec il suo lungo viaggio iniziato ad Atene il 25 febbraio scorso, con l&#8217;accensione del tripode da parte. Altro momento emozionante \u00e8 stato quello della lettura del giuramento dell&#8217;atleta Su-Ann Megan Tang proveniente da Singapore: \u00abChe io possa vincere, ma se non riuscissi, che io possa tentare con tutte le mie forze\u00bb e la successiva dichiarazione di apertura dei Giochi Mondiali da parte del Ministro per le Disabilit\u00e0 Alessandra Locatelli: \u00abAi 1500 atleti giunti a Torino e alle loro famiglie, ai tecnici e ai volontari rivolgo l&#8217;augurio di vivere queste giornate di sport con gioia, di provare emozioni positive e di poter tornare a casa arricchiti e con la voglia di fare sempre di pi\u00f9 per il loro futuro. I prossimi giorni saranno anche una bellissima occasione di incontro e di confronto \u2013 ha aggiunto -. Agli atleti italiani, in particolare, dico che sono orgogliosa di loro, che sono al loro fianco sempre e che sono certa sapranno impegnarsi con tutte le loro forze e regalarci emozioni straordinarie. Grazie in particolare a Special Olympics Italia e a Special Olympics International per l&#8217;organizzazione di questo straordinario evento, grazie di cuore a tutti i volontari che si sono dedicati con gioia alla gestione della cerimonia e delle gare e senza i quali nulla sarebbe stato possibile\u00bb. Lo show \u00e8 stato un crescendo di emozioni. La neve e la citt\u00e0 di Torino sono stati gli elementi dominanti della fase successiva della cerimonia, tra musica e danza. A dare il \u00abBenvenuto a Torino\u00bb \u00e8 stato il cantante Mr. Rain con il suo brano \u00abSupereroi\u00bb presentato a Sanremo 2023. In chiusura tanta musica con un concerto del celebre cantante statunitense Aloe Blacc. All&#8217;indomani, valgono le parole di Federico Correzzola, Atleta Special Olympics Sargent Shriver Global Messengers: \u00ab\u00c8 la prima volta che i Giochi Mondiali Special Olympics arrivano in Italia. Tutti sappiamo quanto sia grande questa opportunit\u00e0 per il nostro Paese e per tutto il mondo. Perch\u00e9 non sar\u00e0 solo un evento sportivo, ma una grande sfida culturale: far conoscere la potenzialit\u00e0 che ognuno di noi ha dentro di s\u00e9. Perch\u00e9 tutti noi dovremmo avere gli stessi diritti: vivere senza pregiudizi, praticare lo sport, sentirci apprezzati. Attraverso lo sport unificato ho imparato che ognuno di noi \u00e8 unico, ma insieme possiamo costruire qualcosa di speciale. E questo vale pi\u00f9 di qualsiasi medaglia\u00bb.<\/p>\n\n\n\n<p>Fausto Diaz<\/p>\n","protected":false},"excerpt":{"rendered":"<p>\u00abNon lasceremo queste competizioni solo come atleti, ma come campioni pronti per la prossima sfida, per mostrare a tutti, anche al di fuori di Special Olympics, che dovrebbero credere in noi. Perch\u00e9 il futuro non \u00e8 solo davanti a noi, il futuro \u00e8 inclusione, il futuro \u00e8 qui\u00bb. Le parole dell&#8217;atleta maltese Gilmur Borg, Sargent [&hellip;]<\/p>\n","protected":false},"author":1,"featured_media":1000013411,"comment_status":"closed","ping_status":"closed","sticky":false,"template":"","format":"standard","meta":{"content-type":"","_jetpack_memberships_contains_paid_content":false,"jnews-multi-image_gallery":[],"jnews_single_post":{"format":"standard"},"jnews_primary_category":[],"footnotes":"","jetpack_publicize_message":"","jetpack_publicize_feature_enabled":true,"jetpack_social_post_already_shared":true,"jetpack_social_options":{"image_generator_settings":{"template":"highway","default_image_id":0,"font":"","enabled":false},"version":2}},"categories":[169],"tags":[],"class_list":{"0":"post-1000013410","1":"post","2":"type-post","3":"status-publish","4":"format-standard","5":"has-post-thumbnail","7":"category-deportes"},"jetpack_publicize_connections":[],"jetpack_featured_media_url":"https:\/\/i0.wp.com\/gazzettinoitalianopatagonico.com\/wp-content\/uploads\/2025\/03\/special-olympics-4-1024x576-1.jpg?fit=1024%2C576&ssl=1","jetpack_likes_enabled":true,"jetpack_sharing_enabled":true,"_links":{"self":[{"href":"https:\/\/gazzettinoitalianopatagonico.com\/index.php?rest_route=\/wp\/v2\/posts\/1000013410","targetHints":{"allow":["GET"]}}],"collection":[{"href":"https:\/\/gazzettinoitalianopatagonico.com\/index.php?rest_route=\/wp\/v2\/posts"}],"about":[{"href":"https:\/\/gazzettinoitalianopatagonico.com\/index.php?rest_route=\/wp\/v2\/types\/post"}],"author":[{"embeddable":true,"href":"https:\/\/gazzettinoitalianopatagonico.com\/index.php?rest_route=\/wp\/v2\/users\/1"}],"replies":[{"embeddable":true,"href":"https:\/\/gazzettinoitalianopatagonico.com\/index.php?rest_route=%2Fwp%2Fv2%2Fcomments&post=1000013410"}],"version-history":[{"count":1,"href":"https:\/\/gazzettinoitalianopatagonico.com\/index.php?rest_route=\/wp\/v2\/posts\/1000013410\/revisions"}],"predecessor-version":[{"id":1000013412,"href":"https:\/\/gazzettinoitalianopatagonico.com\/index.php?rest_route=\/wp\/v2\/posts\/1000013410\/revisions\/1000013412"}],"wp:featuredmedia":[{"embeddable":true,"href":"https:\/\/gazzettinoitalianopatagonico.com\/index.php?rest_route=\/wp\/v2\/media\/1000013411"}],"wp:attachment":[{"href":"https:\/\/gazzettinoitalianopatagonico.com\/index.php?rest_route=%2Fwp%2Fv2%2Fmedia&parent=1000013410"}],"wp:term":[{"taxonomy":"category","embeddable":true,"href":"https:\/\/gazzettinoitalianopatagonico.com\/index.php?rest_route=%2Fwp%2Fv2%2Fcategories&post=1000013410"},{"taxonomy":"post_tag","embeddable":true,"href":"https:\/\/gazzettinoitalianopatagonico.com\/index.php?rest_route=%2Fwp%2Fv2%2Ftags&post=1000013410"}],"curies":[{"name":"wp","href":"https:\/\/api.w.org\/{rel}","templated":true}]}}