{"id":1000013384,"date":"2025-03-07T06:51:31","date_gmt":"2025-03-07T09:51:31","guid":{"rendered":"https:\/\/gazzettinoitalianopatagonico.com\/?p=1000013384"},"modified":"2025-03-07T06:51:32","modified_gmt":"2025-03-07T09:51:32","slug":"onori-benzoni-az-troppe-criticita-su-braccialetti-elettronici-governo-intervenga","status":"publish","type":"post","link":"https:\/\/gazzettinoitalianopatagonico.com\/?p=1000013384","title":{"rendered":"Onori-Benzoni (Az): \u00abTroppe criticit\u00e0 su braccialetti elettronici, governo intervenga\u00bb"},"content":{"rendered":"\n<p><br><br>\u00abIl braccialetto elettronico pu\u00f2 sicuramente essere uno strumento efficace per prevenire diversi reati, ma non \u00e8 la panacea di tutti i mali: distribuirli indiscriminatamente, infatti, non \u00e8 la soluzione per fermare i femminicidi. \u00c8 necessario individuare le circostanze specifiche in cui questo strumento pu\u00f2 rendersi davvero efficace, e per questo servirebbero decreti attuativi che sono invece lungi dall&#8217;arrivare. Inoltre, in Italia non abbiamo ancora un sistema di gestione centralizzato, come avviene in Spagna, che garantisca un monitoraggio efficace. Manca poi una completa e chiara comunicazione ai soggetti che ricevono i dispositivi perch\u00e9 aumenti la consapevolezza del loro utilizzo\u00bb.<br><br>\u00abGi\u00e0 lo scorso agosto avevamo sottoposto al ministro Piantedosi le diverse criticit\u00e0 del sistema, ma da allora non abbiamo visto alcun progresso. Ci chiediamo quanto tempo ancora dovr\u00e0 passare prima che il governo si decida a dare delle risposte. Non possiamo affrontare questi problemi solo in occasione dell&#8217;8 marzo: dobbiamo parlarne tutto l&#8217;anno\u00bb &#8211; hanno concluso i deputati di Azione.<\/p>\n\n\n\n<p>Lo hanno dichiarato i deputati di Azione Federica Onori e Fabrizio Benzoni a margine del Question time di oggi alla Camera con il ministro dell&#8217;Interno Piantedosi.<\/p>\n","protected":false},"excerpt":{"rendered":"<p>\u00abIl braccialetto elettronico pu\u00f2 sicuramente essere uno strumento efficace per prevenire diversi reati, ma non \u00e8 la panacea di tutti i mali: distribuirli indiscriminatamente, infatti, non \u00e8 la soluzione per fermare i femminicidi. \u00c8 necessario individuare le circostanze specifiche in cui questo strumento pu\u00f2 rendersi davvero efficace, e per questo servirebbero decreti attuativi che sono [&hellip;]<\/p>\n","protected":false},"author":1,"featured_media":1000013385,"comment_status":"closed","ping_status":"closed","sticky":false,"template":"","format":"standard","meta":{"content-type":"","_jetpack_memberships_contains_paid_content":false,"jnews-multi-image_gallery":[],"jnews_single_post":{"format":"standard"},"jnews_primary_category":[],"footnotes":"","jetpack_publicize_message":"","jetpack_publicize_feature_enabled":true,"jetpack_social_post_already_shared":true,"jetpack_social_options":{"image_generator_settings":{"template":"highway","default_image_id":0,"font":"","enabled":false},"version":2}},"categories":[46,32],"tags":[],"class_list":{"0":"post-1000013384","1":"post","2":"type-post","3":"status-publish","4":"format-standard","5":"has-post-thumbnail","7":"category-italia","8":"category-politica"},"jetpack_publicize_connections":[],"jetpack_featured_media_url":"https:\/\/i0.wp.com\/gazzettinoitalianopatagonico.com\/wp-content\/uploads\/2025\/03\/oooo.png?fit=1206%2C1207&ssl=1","jetpack_likes_enabled":true,"jetpack_sharing_enabled":true,"_links":{"self":[{"href":"https:\/\/gazzettinoitalianopatagonico.com\/index.php?rest_route=\/wp\/v2\/posts\/1000013384","targetHints":{"allow":["GET"]}}],"collection":[{"href":"https:\/\/gazzettinoitalianopatagonico.com\/index.php?rest_route=\/wp\/v2\/posts"}],"about":[{"href":"https:\/\/gazzettinoitalianopatagonico.com\/index.php?rest_route=\/wp\/v2\/types\/post"}],"author":[{"embeddable":true,"href":"https:\/\/gazzettinoitalianopatagonico.com\/index.php?rest_route=\/wp\/v2\/users\/1"}],"replies":[{"embeddable":true,"href":"https:\/\/gazzettinoitalianopatagonico.com\/index.php?rest_route=%2Fwp%2Fv2%2Fcomments&post=1000013384"}],"version-history":[{"count":1,"href":"https:\/\/gazzettinoitalianopatagonico.com\/index.php?rest_route=\/wp\/v2\/posts\/1000013384\/revisions"}],"predecessor-version":[{"id":1000013386,"href":"https:\/\/gazzettinoitalianopatagonico.com\/index.php?rest_route=\/wp\/v2\/posts\/1000013384\/revisions\/1000013386"}],"wp:featuredmedia":[{"embeddable":true,"href":"https:\/\/gazzettinoitalianopatagonico.com\/index.php?rest_route=\/wp\/v2\/media\/1000013385"}],"wp:attachment":[{"href":"https:\/\/gazzettinoitalianopatagonico.com\/index.php?rest_route=%2Fwp%2Fv2%2Fmedia&parent=1000013384"}],"wp:term":[{"taxonomy":"category","embeddable":true,"href":"https:\/\/gazzettinoitalianopatagonico.com\/index.php?rest_route=%2Fwp%2Fv2%2Fcategories&post=1000013384"},{"taxonomy":"post_tag","embeddable":true,"href":"https:\/\/gazzettinoitalianopatagonico.com\/index.php?rest_route=%2Fwp%2Fv2%2Ftags&post=1000013384"}],"curies":[{"name":"wp","href":"https:\/\/api.w.org\/{rel}","templated":true}]}}