{"id":1000013340,"date":"2025-03-05T12:14:58","date_gmt":"2025-03-05T15:14:58","guid":{"rendered":"https:\/\/gazzettinoitalianopatagonico.com\/?p=1000013340"},"modified":"2025-03-05T12:48:02","modified_gmt":"2025-03-05T15:48:02","slug":"sordita-melchiorre-fdi-conferenza-stampa-in-senato-per-dare-voce-a-chi-ha-problemi-di-udito","status":"publish","type":"post","link":"https:\/\/gazzettinoitalianopatagonico.com\/?p=1000013340","title":{"rendered":"Sordit\u00e0, Melchiorre (FDI): conferenza stampa in Senato per dare voce a chi ha problemi di udito"},"content":{"rendered":"\n<p>Si \u00e8 tenuta questa mattina, mercoled\u00ec 5 marzo alle ore 10, presso la sala Caduti di Nassirya del Senato della Repubblica, la conferenza stampa su iniziativa del senatore di Fratelli d&#8217;Italia Filippo Melchiorre, dal titolo \u00abLa sordit\u00e0 siamo noi\u00bb. \u00abIn occasione della Giornata Mondiale dell&#8217;Udito che si \u00e8 celebrata il 3 marzo e che ha coinvolto oltre 100 paesi in tutto il mondo, siamo qui oggi per trasmettere un chiaro segnale. Il senso di questo incontro \u00e8 chiaro: dare voce ai 13 milioni e mezzo di italiani che hanno problemi di udito. Lanciamo un manifesto all&#8217;intera societ\u00e0 con un programma di sensibilizzazione che includa attivit\u00e0 su tutto il territorio nazionale e che metta insieme le societ\u00e0 scientifiche. Il nostro fine \u00e8 quello di rendere una comunit\u00e0 trasversale ed a misura d&#8217;uomo. Con la prevenzione e la sensibilizzazione &#8211; attraverso iniziative di questo tipo \u2013 vogliamo diminuire le ripercussioni negative sulla qualit\u00e0 della vita di persone affette da sordit\u00e0. Ringraziamo il sottosegretario di Stato alla Salute Marcello Gemmato per quanto sta facendo, le due societ\u00e0 che hanno permesso l&#8217;iniziativa, le senatrici Elena Murelli, Susanna Camusso, il dott. Davide Della Morte Canosci, consigliere del ministro dell&#8217;Universit\u00e0 e Ricerca, la dott.ssa Mariella Mainolfi, direttore generale delle professioni sanitarie del Ssn, il prof. Nicola Quaranta, presidente della societ\u00e0 italiana di audiologia, il prof. Lorenzo Pignataro, presidente collegio ordinari di otorinolaringoiatria, il prof. Marco Radici, &nbsp;presidente societ\u00e0 italiana di otorinolaringoiatria, il prof. Domenico Cuda, vicepresidente della societ\u00e0 italiana di audiologia. Il dibattito \u00e8 stato moderato dal giornalista Alberto Puoti\u00bb.<\/p>\n\n\n\n<p>Lo dichiara il senatore di Fratelli d&#8217;Italia, Filippo Melchiorre.<\/p>\n","protected":false},"excerpt":{"rendered":"<p>Si \u00e8 tenuta questa mattina, mercoled\u00ec 5 marzo alle ore 10, presso la sala Caduti di Nassirya del Senato della Repubblica, la conferenza stampa su iniziativa del senatore di Fratelli d&#8217;Italia Filippo Melchiorre, dal titolo \u00abLa sordit\u00e0 siamo noi\u00bb. \u00abIn occasione della Giornata Mondiale dell&#8217;Udito che si \u00e8 celebrata il 3 marzo e che ha [&hellip;]<\/p>\n","protected":false},"author":1,"featured_media":1000013341,"comment_status":"closed","ping_status":"closed","sticky":false,"template":"","format":"standard","meta":{"content-type":"","_jetpack_memberships_contains_paid_content":false,"jnews-multi-image_gallery":[],"jnews_single_post":{"format":"standard"},"jnews_primary_category":[],"footnotes":"","jetpack_publicize_message":"","jetpack_publicize_feature_enabled":true,"jetpack_social_post_already_shared":true,"jetpack_social_options":{"image_generator_settings":{"template":"highway","default_image_id":0,"font":"","enabled":false},"version":2}},"categories":[46,32],"tags":[],"class_list":{"0":"post-1000013340","1":"post","2":"type-post","3":"status-publish","4":"format-standard","5":"has-post-thumbnail","7":"category-italia","8":"category-politica"},"jetpack_publicize_connections":[],"jetpack_featured_media_url":"https:\/\/i0.wp.com\/gazzettinoitalianopatagonico.com\/wp-content\/uploads\/2025\/03\/Imagoeconomica_1985491-scaled-1.jpg?fit=1920%2C1280&ssl=1","jetpack_likes_enabled":true,"jetpack_sharing_enabled":true,"_links":{"self":[{"href":"https:\/\/gazzettinoitalianopatagonico.com\/index.php?rest_route=\/wp\/v2\/posts\/1000013340","targetHints":{"allow":["GET"]}}],"collection":[{"href":"https:\/\/gazzettinoitalianopatagonico.com\/index.php?rest_route=\/wp\/v2\/posts"}],"about":[{"href":"https:\/\/gazzettinoitalianopatagonico.com\/index.php?rest_route=\/wp\/v2\/types\/post"}],"author":[{"embeddable":true,"href":"https:\/\/gazzettinoitalianopatagonico.com\/index.php?rest_route=\/wp\/v2\/users\/1"}],"replies":[{"embeddable":true,"href":"https:\/\/gazzettinoitalianopatagonico.com\/index.php?rest_route=%2Fwp%2Fv2%2Fcomments&post=1000013340"}],"version-history":[{"count":1,"href":"https:\/\/gazzettinoitalianopatagonico.com\/index.php?rest_route=\/wp\/v2\/posts\/1000013340\/revisions"}],"predecessor-version":[{"id":1000013342,"href":"https:\/\/gazzettinoitalianopatagonico.com\/index.php?rest_route=\/wp\/v2\/posts\/1000013340\/revisions\/1000013342"}],"wp:featuredmedia":[{"embeddable":true,"href":"https:\/\/gazzettinoitalianopatagonico.com\/index.php?rest_route=\/wp\/v2\/media\/1000013341"}],"wp:attachment":[{"href":"https:\/\/gazzettinoitalianopatagonico.com\/index.php?rest_route=%2Fwp%2Fv2%2Fmedia&parent=1000013340"}],"wp:term":[{"taxonomy":"category","embeddable":true,"href":"https:\/\/gazzettinoitalianopatagonico.com\/index.php?rest_route=%2Fwp%2Fv2%2Fcategories&post=1000013340"},{"taxonomy":"post_tag","embeddable":true,"href":"https:\/\/gazzettinoitalianopatagonico.com\/index.php?rest_route=%2Fwp%2Fv2%2Ftags&post=1000013340"}],"curies":[{"name":"wp","href":"https:\/\/api.w.org\/{rel}","templated":true}]}}