{"id":1000013239,"date":"2025-03-05T07:09:42","date_gmt":"2025-03-05T10:09:42","guid":{"rendered":"https:\/\/gazzettinoitalianopatagonico.com\/?p=1000013239"},"modified":"2025-03-05T07:09:44","modified_gmt":"2025-03-05T10:09:44","slug":"uganda-il-giudice-ordina-di-cambiare-i-nomi-delle-strade-e-decolonizzare-kampala","status":"publish","type":"post","link":"https:\/\/gazzettinoitalianopatagonico.com\/?p=1000013239","title":{"rendered":"Uganda, il giudice ordina di cambiare i nomi delle strade e \u00abdecolonizzare\u00bb Kampala"},"content":{"rendered":"\n<p>La capitale ugandese Kampala dir\u00e0 addio ai monumenti del colonialismo britannico e introdurr\u00e0 nuovi nomi alle strade delle sue citt\u00e0, ancora oggi intitolate a \u00abcriminale\u00bb e a \u00abfigure storiche controverse\u00bb: a deciderlo il giudice dell&#8217;Alta corte Musa Ssekaana, con una sentenza che ha accolto una campagna locale di sensibilizzazione. Secondo il quotidiano New Vision, il provvedimento impegna l&#8217;amministrazione cittadina, al quale \u00e8 stato gi\u00e0 notificato. Le misure dovrebbero \u00abcolpire\u00bb tra gli altri il maggiore generale Henry Edward Colville, uno dei primi commissari del protettorato dell&#8217;Uganda, e Frederick Lugard, funzionario coloniale noto per i soprusi a danno della popolazione. La sentenza \u00e8 il punto di arrivo di una campagna che gi\u00e0 nel 2020 aveva permesso di raccogliere oltre 5.800 firme. La richiesta, sotto forma di petizione, era di \u00abdecolonizzare e rinominare\u00bb decine di strade e di statue. La via giudiziaria \u00e8 stata invece intrapresa dall&#8217;attivista John Ssempebwa. La sua tesi, alla base di una causa, \u00e8 che le strade e i parchi intitolati dai britannici durante l&#8217;epoca coloniale violino il diritto degli ugandesi \u00aballa dignit\u00e0 e alla libert\u00e0 da trattamenti crudeli\u00bb.<\/p>\n\n\n\n<p>Miriam Casadei<\/p>\n","protected":false},"excerpt":{"rendered":"<p>La capitale ugandese Kampala dir\u00e0 addio ai monumenti del colonialismo britannico e introdurr\u00e0 nuovi nomi alle strade delle sue citt\u00e0, ancora oggi intitolate a \u00abcriminale\u00bb e a \u00abfigure storiche controverse\u00bb: a deciderlo il giudice dell&#8217;Alta corte Musa Ssekaana, con una sentenza che ha accolto una campagna locale di sensibilizzazione. Secondo il quotidiano New Vision, il [&hellip;]<\/p>\n","protected":false},"author":1,"featured_media":1000013240,"comment_status":"closed","ping_status":"closed","sticky":false,"template":"","format":"standard","meta":{"content-type":"","_jetpack_memberships_contains_paid_content":false,"jnews-multi-image_gallery":[],"jnews_single_post":{"format":"standard"},"jnews_primary_category":[],"footnotes":"","jetpack_publicize_message":"","jetpack_publicize_feature_enabled":true,"jetpack_social_post_already_shared":true,"jetpack_social_options":{"image_generator_settings":{"template":"highway","default_image_id":0,"font":"","enabled":false},"version":2}},"categories":[41],"tags":[],"class_list":{"0":"post-1000013239","1":"post","2":"type-post","3":"status-publish","4":"format-standard","5":"has-post-thumbnail","7":"category-mundo"},"jetpack_publicize_connections":[],"jetpack_featured_media_url":"https:\/\/i0.wp.com\/gazzettinoitalianopatagonico.com\/wp-content\/uploads\/2025\/03\/20250304_203110_44211_00008.jpg?fit=1000%2C567&ssl=1","jetpack_likes_enabled":true,"jetpack_sharing_enabled":true,"_links":{"self":[{"href":"https:\/\/gazzettinoitalianopatagonico.com\/index.php?rest_route=\/wp\/v2\/posts\/1000013239","targetHints":{"allow":["GET"]}}],"collection":[{"href":"https:\/\/gazzettinoitalianopatagonico.com\/index.php?rest_route=\/wp\/v2\/posts"}],"about":[{"href":"https:\/\/gazzettinoitalianopatagonico.com\/index.php?rest_route=\/wp\/v2\/types\/post"}],"author":[{"embeddable":true,"href":"https:\/\/gazzettinoitalianopatagonico.com\/index.php?rest_route=\/wp\/v2\/users\/1"}],"replies":[{"embeddable":true,"href":"https:\/\/gazzettinoitalianopatagonico.com\/index.php?rest_route=%2Fwp%2Fv2%2Fcomments&post=1000013239"}],"version-history":[{"count":1,"href":"https:\/\/gazzettinoitalianopatagonico.com\/index.php?rest_route=\/wp\/v2\/posts\/1000013239\/revisions"}],"predecessor-version":[{"id":1000013241,"href":"https:\/\/gazzettinoitalianopatagonico.com\/index.php?rest_route=\/wp\/v2\/posts\/1000013239\/revisions\/1000013241"}],"wp:featuredmedia":[{"embeddable":true,"href":"https:\/\/gazzettinoitalianopatagonico.com\/index.php?rest_route=\/wp\/v2\/media\/1000013240"}],"wp:attachment":[{"href":"https:\/\/gazzettinoitalianopatagonico.com\/index.php?rest_route=%2Fwp%2Fv2%2Fmedia&parent=1000013239"}],"wp:term":[{"taxonomy":"category","embeddable":true,"href":"https:\/\/gazzettinoitalianopatagonico.com\/index.php?rest_route=%2Fwp%2Fv2%2Fcategories&post=1000013239"},{"taxonomy":"post_tag","embeddable":true,"href":"https:\/\/gazzettinoitalianopatagonico.com\/index.php?rest_route=%2Fwp%2Fv2%2Ftags&post=1000013239"}],"curies":[{"name":"wp","href":"https:\/\/api.w.org\/{rel}","templated":true}]}}