{"id":1000013230,"date":"2025-03-05T06:52:03","date_gmt":"2025-03-05T09:52:03","guid":{"rendered":"https:\/\/gazzettinoitalianopatagonico.com\/?p=1000013230"},"modified":"2025-03-05T06:52:05","modified_gmt":"2025-03-05T09:52:05","slug":"fumogeni-con-rissa-in-parlamento-in-serbia-due-deputate-ferite-una-e-incinta","status":"publish","type":"post","link":"https:\/\/gazzettinoitalianopatagonico.com\/?p=1000013230","title":{"rendered":"Fumogeni con rissa in Parlamento: in Serbia due deputate ferite (una \u00e8 incinta)"},"content":{"rendered":"\n<p>Fumogeni e gas lacrimogeni in parlamento a Belgrado, in Serbia, per una protesta dei deputati di opposizione sfociata in una rissa e nel ferimento di almeno due rappresentanti eletti. Le immagini dell&#8217;episodio, all&#8217;inaugurazione della sessione primaverile dell&#8217;assemblea, sono state rilanciate dai media e dai social network. La protesta \u00e8 cominciata dopo l&#8217;approvazione dell&#8217;ordine del giorno della seduta da parte del governo guidato dal Partito progressista di Serbia (Sns). A quel punto alcuni deputati di opposizione si sono scagliati verso la presidente dell&#8217;assemblea, Ana Brnabic, scontrandosi con le guardie di sicurezza. Altri parlamentari hanno acceso fumogeni. In diretta televisiva si sono viste dense nuvole nere e rosa. La Serbia sta attraversando una fase di tensione a livello politico e sociale. Una fase, questa, cominciata dopo il crollo di una pensilina nella stazione ferroviaria di Novi Sad, nel novembre scorso: 15 i morti, che secondo l&#8217;opposizione sarebbero stati indirettamente vittime di corruzione e malgoverno. Dopo la protesta in parlamento, Brnabic ha detto: \u00abLa vostra rivoluzione colorata ha fallito, perch\u00e9 questo Paese sopravviver\u00e0 e continuer\u00e0 a vincere\u00bb. Politica, uno dei principali quotidiani di Belgrado, ha titolato: \u00abFumogeni e caos al Parlamento della Serbia\u00bb.<\/p>\n\n\n\n<p>PALALIC (SNP): \u00abDIFENDERE LA NOSTRA SOVRANIT\u00c0 E NEUTRALIT\u00c0\u00bb<\/p>\n\n\n\n<p>\u00abC&#8217;\u00e8 un tentativo di distruggere la sovranit\u00e0 e la neutralit\u00e0 della Serbia, rovesciando un governo che ha legittimit\u00e0 democratica; e due colleghe deputate, una delle quali incinta, sono ora ricoverate in ospedale\u00bb. Jovan Palalic parla con l&#8217;agenzia Dire dall&#8217;aula del Parlamento di Belgrado, dopo i fumogeni e la rissa. Si sarebbe trattato di una protesta all&#8217;indirizzo della presidente dell&#8217;assemblea, Ana Brnabic, e della maggioranza stretta attorno al Partito progressista di Serbia (Sns). Palalic \u00e8 stato testimone. Secondo il deputato, a capo del Partito popolare di Serbia (Snp) nonch\u00e9 del Gruppo parlamentare di amicizia Serbia-Italia, il lancio dei fumogeni in aula e le violenze che ne sono seguite hanno causato il ferimento \u00abgrave\u00bb delle due colleghe. \u00abJasmina Obradovic ha riportato un trauma cranico, \u00e8 ricoverata in ospedale e non \u00e8 ancora fuori pericolo\u00bb, riferisce il deputato. \u00abA restare ferita \u00e8 stata poi una seconda collega, incinta di otto mesi, pure lei portata via in ambulanza\u00bb. La protesta in parlamento \u00e8 cominciata dopo l&#8217;approvazione dell&#8217;ordine del giorno con i voti dell&#8217;Sns. \u00abAd innescare la violenza sono stati deputati della sinistra, dei verdi e della destra estrema\u00bb, denuncia Palalic. \u00abPartecipano di un tentativo di rovesciare un governo che \u00e8 stato eletto in modo democratico e legittimo nel 2023 e che \u00e8 deciso a garantire la sovranit\u00e0 e la neutralit\u00e0 della Serbia\u00bb. Il deputato ricorda come i servizi di Belgrado abbiano denunciato \u00abtentativi di ingerenze dall&#8217;esterno\u00bb e rivolge poi un appello in particolare al Parlamento europeo. \u00abAncora questo mese, molti suoi rappresentanti hanno espresso il loro supporto ai gruppi politici serbi responsabili della violenza di oggi\u00bb, sottolinea Palalic, citando una risoluzione dell&#8217;8 febbraio. \u00abMi auguro che ora il Parlamento dell&#8217;Ue possa rivedere la sua posizione\u00bb.<\/p>\n\n\n\n<p>Vincenzo Giardina<\/p>\n","protected":false},"excerpt":{"rendered":"<p>Fumogeni e gas lacrimogeni in parlamento a Belgrado, in Serbia, per una protesta dei deputati di opposizione sfociata in una rissa e nel ferimento di almeno due rappresentanti eletti. Le immagini dell&#8217;episodio, all&#8217;inaugurazione della sessione primaverile dell&#8217;assemblea, sono state rilanciate dai media e dai social network. La protesta \u00e8 cominciata dopo l&#8217;approvazione dell&#8217;ordine del giorno [&hellip;]<\/p>\n","protected":false},"author":1,"featured_media":1000013231,"comment_status":"closed","ping_status":"closed","sticky":false,"template":"","format":"standard","meta":{"content-type":"","_jetpack_memberships_contains_paid_content":false,"jnews-multi-image_gallery":[],"jnews_single_post":{"format":"standard"},"jnews_primary_category":[],"footnotes":"","jetpack_publicize_message":"","jetpack_publicize_feature_enabled":true,"jetpack_social_post_already_shared":true,"jetpack_social_options":{"image_generator_settings":{"template":"highway","default_image_id":0,"font":"","enabled":false},"version":2}},"categories":[41],"tags":[],"class_list":{"0":"post-1000013230","1":"post","2":"type-post","3":"status-publish","4":"format-standard","5":"has-post-thumbnail","7":"category-mundo"},"jetpack_publicize_connections":[],"jetpack_featured_media_url":"https:\/\/i0.wp.com\/gazzettinoitalianopatagonico.com\/wp-content\/uploads\/2025\/03\/PARLAMENTO-SERBO.jpeg?fit=555%2C257&ssl=1","jetpack_likes_enabled":true,"jetpack_sharing_enabled":true,"_links":{"self":[{"href":"https:\/\/gazzettinoitalianopatagonico.com\/index.php?rest_route=\/wp\/v2\/posts\/1000013230","targetHints":{"allow":["GET"]}}],"collection":[{"href":"https:\/\/gazzettinoitalianopatagonico.com\/index.php?rest_route=\/wp\/v2\/posts"}],"about":[{"href":"https:\/\/gazzettinoitalianopatagonico.com\/index.php?rest_route=\/wp\/v2\/types\/post"}],"author":[{"embeddable":true,"href":"https:\/\/gazzettinoitalianopatagonico.com\/index.php?rest_route=\/wp\/v2\/users\/1"}],"replies":[{"embeddable":true,"href":"https:\/\/gazzettinoitalianopatagonico.com\/index.php?rest_route=%2Fwp%2Fv2%2Fcomments&post=1000013230"}],"version-history":[{"count":1,"href":"https:\/\/gazzettinoitalianopatagonico.com\/index.php?rest_route=\/wp\/v2\/posts\/1000013230\/revisions"}],"predecessor-version":[{"id":1000013232,"href":"https:\/\/gazzettinoitalianopatagonico.com\/index.php?rest_route=\/wp\/v2\/posts\/1000013230\/revisions\/1000013232"}],"wp:featuredmedia":[{"embeddable":true,"href":"https:\/\/gazzettinoitalianopatagonico.com\/index.php?rest_route=\/wp\/v2\/media\/1000013231"}],"wp:attachment":[{"href":"https:\/\/gazzettinoitalianopatagonico.com\/index.php?rest_route=%2Fwp%2Fv2%2Fmedia&parent=1000013230"}],"wp:term":[{"taxonomy":"category","embeddable":true,"href":"https:\/\/gazzettinoitalianopatagonico.com\/index.php?rest_route=%2Fwp%2Fv2%2Fcategories&post=1000013230"},{"taxonomy":"post_tag","embeddable":true,"href":"https:\/\/gazzettinoitalianopatagonico.com\/index.php?rest_route=%2Fwp%2Fv2%2Ftags&post=1000013230"}],"curies":[{"name":"wp","href":"https:\/\/api.w.org\/{rel}","templated":true}]}}