{"id":1000013227,"date":"2025-03-05T06:51:18","date_gmt":"2025-03-05T09:51:18","guid":{"rendered":"https:\/\/gazzettinoitalianopatagonico.com\/?p=1000013227"},"modified":"2025-03-05T06:51:20","modified_gmt":"2025-03-05T09:51:20","slug":"anche-schlein-contro-von-der-leyen-non-e-la-strada-giusta-non-ci-stiamo","status":"publish","type":"post","link":"https:\/\/gazzettinoitalianopatagonico.com\/?p=1000013227","title":{"rendered":"Anche Schlein contro von der Leyen: \u00abNon \u00e8 la strada giusta, non ci stiamo\u00bb"},"content":{"rendered":"\n<p>\u00abQuella presentata oggi da Von Der Leyen non \u00e8 la strada che serve all&#8217;Europa. All&#8217;Unione europea serve la difesa comune, non il riarmo nazionale. Sono due cose molto diverse\u00bb. Anche la segretaria del Pd Elly Schlein entra a gamba tesa per contestare le parole della Presidente della Commissione Ue, che oggi a presentato il piano europeo di riarmo. \u00abIl piano Von Der Leyen, a partire dal titolo \u2013 prosegue-, punta sul riarmo e non emerge un indirizzo politico chiaro verso la difesa comune. Indica una serie di strumenti che agevolerebbero la spesa nazionale ma senza porre condizioni sui progetti comuni, sull&#8217;interoperabilit\u00e0 dei sistemi. Ci sono molti aspetti da chiarire, ad esempio su come funzionerebbe il nuovo meccanismo in stile Sure, per capire se finanzia progetti comuni o spesa nazionale. Ma questa non \u00e8 la strada giusta. Manca ancora la volont\u00e0 politica dei governi di fare davvero una difesa comune e in questo piano della Commissione mancano gli investimenti europei finanziati dal debito comune, come durante la pandemia. Cos\u00ec rischia di diventare il mero riarmo nazionale di 27 paesi e noi non ci stiamo\u00bb. \u00abNoi abbiamo un&#8217;idea precisa \u2013 sottolinea Schlein-. Quello che serve oggi \u00e8 un grande piano di investimenti comuni per l&#8217;autonomia strategica dell&#8217;UE, che \u00e8 insieme cooperazione industriale, coesione sociale, transizione ambientale e digitale, sicurezza energetica e anche difesa comune. Anche, ma non solo! Magari cancellando le altre cruciali priorit\u00e0 su cui i governi sono pi\u00f9 divisi. \u00c8 irrinunciabile contrastare le diseguaglianze che sono aumentate. Per questo \u00e8 inaccettabile utilizzare i fondi di coesione per finanziare le spese militari nazionali\u00bb. \u00ab\u00c8 il momento delle scelte e della chiarezza. Abbiamo bisogno di una risposta all&#8217;altezza della sfida globale \u2013 strategica, economica, politica \u2013 al ruolo dell&#8217;Europa nel mondo. E questa risposta non \u00e8 quella presentata oggi. Noi porteremo la nostra posizione gi\u00e0 al prossimo vertice dei socialisti e democratici a Bruxelles, in vista del Consiglio straordinario\u00bb, conclude.<\/p>\n\n\n\n<p>Vittorio Di Mambro<\/p>\n","protected":false},"excerpt":{"rendered":"<p>\u00abQuella presentata oggi da Von Der Leyen non \u00e8 la strada che serve all&#8217;Europa. All&#8217;Unione europea serve la difesa comune, non il riarmo nazionale. Sono due cose molto diverse\u00bb. Anche la segretaria del Pd Elly Schlein entra a gamba tesa per contestare le parole della Presidente della Commissione Ue, che oggi a presentato il piano [&hellip;]<\/p>\n","protected":false},"author":1,"featured_media":1000013228,"comment_status":"closed","ping_status":"closed","sticky":false,"template":"","format":"standard","meta":{"content-type":"","_jetpack_memberships_contains_paid_content":false,"jnews-multi-image_gallery":[],"jnews_single_post":{"format":"standard"},"jnews_primary_category":[],"footnotes":"","jetpack_publicize_message":"","jetpack_publicize_feature_enabled":true,"jetpack_social_post_already_shared":true,"jetpack_social_options":{"image_generator_settings":{"template":"highway","default_image_id":0,"font":"","enabled":false},"version":2}},"categories":[32],"tags":[],"class_list":{"0":"post-1000013227","1":"post","2":"type-post","3":"status-publish","4":"format-standard","5":"has-post-thumbnail","7":"category-politica"},"jetpack_publicize_connections":[],"jetpack_featured_media_url":"https:\/\/i0.wp.com\/gazzettinoitalianopatagonico.com\/wp-content\/uploads\/2025\/03\/Imagoeconomica_schlein-1024x683-1.jpg?fit=1024%2C683&ssl=1","jetpack_likes_enabled":true,"jetpack_sharing_enabled":true,"_links":{"self":[{"href":"https:\/\/gazzettinoitalianopatagonico.com\/index.php?rest_route=\/wp\/v2\/posts\/1000013227","targetHints":{"allow":["GET"]}}],"collection":[{"href":"https:\/\/gazzettinoitalianopatagonico.com\/index.php?rest_route=\/wp\/v2\/posts"}],"about":[{"href":"https:\/\/gazzettinoitalianopatagonico.com\/index.php?rest_route=\/wp\/v2\/types\/post"}],"author":[{"embeddable":true,"href":"https:\/\/gazzettinoitalianopatagonico.com\/index.php?rest_route=\/wp\/v2\/users\/1"}],"replies":[{"embeddable":true,"href":"https:\/\/gazzettinoitalianopatagonico.com\/index.php?rest_route=%2Fwp%2Fv2%2Fcomments&post=1000013227"}],"version-history":[{"count":1,"href":"https:\/\/gazzettinoitalianopatagonico.com\/index.php?rest_route=\/wp\/v2\/posts\/1000013227\/revisions"}],"predecessor-version":[{"id":1000013229,"href":"https:\/\/gazzettinoitalianopatagonico.com\/index.php?rest_route=\/wp\/v2\/posts\/1000013227\/revisions\/1000013229"}],"wp:featuredmedia":[{"embeddable":true,"href":"https:\/\/gazzettinoitalianopatagonico.com\/index.php?rest_route=\/wp\/v2\/media\/1000013228"}],"wp:attachment":[{"href":"https:\/\/gazzettinoitalianopatagonico.com\/index.php?rest_route=%2Fwp%2Fv2%2Fmedia&parent=1000013227"}],"wp:term":[{"taxonomy":"category","embeddable":true,"href":"https:\/\/gazzettinoitalianopatagonico.com\/index.php?rest_route=%2Fwp%2Fv2%2Fcategories&post=1000013227"},{"taxonomy":"post_tag","embeddable":true,"href":"https:\/\/gazzettinoitalianopatagonico.com\/index.php?rest_route=%2Fwp%2Fv2%2Ftags&post=1000013227"}],"curies":[{"name":"wp","href":"https:\/\/api.w.org\/{rel}","templated":true}]}}