{"id":1000013211,"date":"2025-03-05T06:47:24","date_gmt":"2025-03-05T09:47:24","guid":{"rendered":"https:\/\/gazzettinoitalianopatagonico.com\/?p=1000013211"},"modified":"2025-03-05T06:47:26","modified_gmt":"2025-03-05T09:47:26","slug":"qatargate-il-belgio-ha-chiesto-la-revoca-dellimmunita-per-le-eurodeputate-del-pd-moretti-e-gualmini","status":"publish","type":"post","link":"https:\/\/gazzettinoitalianopatagonico.com\/?p=1000013211","title":{"rendered":"Qatargate: il Belgio ha chiesto la revoca dell&#8217;immunit\u00e0 per le eurodeputate del Pd Moretti e Gualmini"},"content":{"rendered":"\n<p>La procura federale del Belgio ha chiesto al Parlamento europeo la revoca dell&#8217;immunit\u00e0 per altri due eurodeputati socialisti nell&#8217;ambito dell&#8217;indagine sul cosiddetto Qatargate. Si tratta delle eurodeputate del Pd Alessandra Moretti ed Elisabetta Gualmini, secondo quanto apprende l&#8217;ANSA. I loro nomi erano comparsi gi\u00e0 in un primo momento nel fascicolo dell&#8217;indagine sul presunto scandalo di corruzione scoppiato il 9 dicembre 2022. La richiesta \u00e8 stata presentata all&#8217;ufficio di presidenza del Parlamento europeo e sar\u00e0 annunciata durante la sessione plenaria del 10 marzo, prima di essere sottoposta all&#8217;esame della commissione Affari giuridici.<\/p>\n\n\n\n<p>Gualmini-Moretti, estranee ad accuse, ci sospendiamo da S&amp;D<\/p>\n\n\n\n<p>\u00abAbbiamo appreso dalla stampa la notizia della richiesta, da parte delle autorit\u00e0 giudiziarie del Belgio, di revoca della nostre immunit\u00e0\u00bb nell&#8217;ambito dell&#8217;inchiesta sul Qatargate: \u00abAl fine di sottolineare la totale estraneit\u00e0 ad ogni fatto corruttivo, abbiamo deciso di autosospenderci dal gruppo al quale apparteniamo, i Socialisti e democratici (S&amp;D), per essere pienamente a disposizione della magistratura per qualsiasi esigenza istruttoria\u00bb. \u00abRingraziamo la delegazione degli eurodeputati Pd per la solidariet\u00e0 politica e umana pubblicamente espressa\u00bb, aggiungono. La richiesta della procura \u00e8 stata presentata all&#8217;ufficio di presidenza del Parlamento europeo e sar\u00e0 annunciata in apertura della plenaria del 10 marzo a Strasburgo, prima di essere sottoposta all&#8217;esame della commissione Affari giuridici. A oltre due anni anni dai blitz della polizia belga che portarono all&#8217;arresto degli indagati eccellenti &#8211; l&#8217;ex eurodeputato pentito Pier Antonio Panzeri, ritenuto l&#8217;anima della presunta trama di corruzione, il suo ex braccio destro Francesco Giorgi, l&#8217;ex vicepresidente dell&#8217;Europarlamento Eva Kaili, l&#8217;ex eurodeputato del Pd Andrea Cozzolino e l&#8217;ex eurodeputato socialista belga Marc Tarabella &#8211; scuotendo gli ambienti politici comunitari, l&#8217;inchiesta sul presunto giro illecito di denaro tra Bruxelles, Doha e Rabat \u00e8 ormai da tempo su un binario morto. Senza scadenze all&#8217;orizzonte n\u00e9 per il riesame dei metodi degli 007 &#8211; finiti a loro volta sotto indagine -, n\u00e9 per il rinvio a giudizio o l&#8217;archiviazione per gli indagati che nel corso del 2023 erano poi stati liberati in sequenza dopo diversi mesi passati in carcere o ai domiciliari. Nelle scorse settimane la lista degli indagati \u00e8 tuttavia tornata ad allargarsi: a gennaio altri tre assistenti legati ai Socialisti e democratici (S&amp;D) sono finiti nella rete degli investigatori. Poco dopo \u00e8 arrivato anche l&#8217;annuncio di un&#8217;indagine a carico dell&#8217;ex eurodeputata socialista belga Maria Arena &#8211; sin dall&#8217;inizio accostata all&#8217;inchiesta ma fino a quel momento mai iscritta sul registro degli indagati &#8211; con l&#8217;accusa di presunta appartenenza a un&#8217;organizzazione criminale, senza i capi d&#8217;imputazione di corruzione e riciclaggio che gravano invece sugli altri. La nuova mossa della procura belga nei confronti di Moretti e Gualmini \u00e8 la prima decisione firmata dalla nuova giudice istruttrice Pascale Monteiro Barreto, subentrata a febbraio ad Aur\u00e9lie D\u00e9jaiffe che a sua volta aveva lasciato l&#8217;incarico dopo l&#8217;addio del pi\u00f9 celebre magistrato Michel Claise, costretto a fare un passo indietro nel giugno 2023 per sospetto conflitto d&#8217;interessi. Il nome di Moretti era emerso nelle fasi iniziali dell&#8217;inchiesta, comparendo tra le carte che riguardavano il presunto coinvolgimento di Cozzolino &#8211; rilasciato dopo quattro mesi ai domiciliari &#8211; insieme a Tarabella e Arena. I quattro venivano indicati come un \u00abquadriumvirato\u00bb capace di agire con \u00abprecisione, attenzione ed efficacia\u00bb per favorire gli interessi del Qatar. Tutte accuse che l&#8217;eurodeputata dem aveva da subito respinto con fermezza, negando qualsiasi coinvolgimento. Il nome di Gualmini era invece comparso nel fascicolo all&#8217;indomani dell&#8217;audizione al Parlamento europeo del ministro del Lavoro del Qatar svoltasi nel novembre 2022.<\/p>\n\n\n\n<p>ANSA<\/p>\n","protected":false},"excerpt":{"rendered":"<p>La procura federale del Belgio ha chiesto al Parlamento europeo la revoca dell&#8217;immunit\u00e0 per altri due eurodeputati socialisti nell&#8217;ambito dell&#8217;indagine sul cosiddetto Qatargate. Si tratta delle eurodeputate del Pd Alessandra Moretti ed Elisabetta Gualmini, secondo quanto apprende l&#8217;ANSA. I loro nomi erano comparsi gi\u00e0 in un primo momento nel fascicolo dell&#8217;indagine sul presunto scandalo di [&hellip;]<\/p>\n","protected":false},"author":1,"featured_media":1000013212,"comment_status":"closed","ping_status":"closed","sticky":false,"template":"","format":"standard","meta":{"content-type":"","_jetpack_memberships_contains_paid_content":false,"jnews-multi-image_gallery":[],"jnews_single_post":{"format":"standard"},"jnews_primary_category":[],"footnotes":"","jetpack_publicize_message":"","jetpack_publicize_feature_enabled":true,"jetpack_social_post_already_shared":true,"jetpack_social_options":{"image_generator_settings":{"template":"highway","default_image_id":0,"font":"","enabled":false},"version":2}},"categories":[32],"tags":[],"class_list":{"0":"post-1000013211","1":"post","2":"type-post","3":"status-publish","4":"format-standard","5":"has-post-thumbnail","7":"category-politica"},"jetpack_publicize_connections":[],"jetpack_featured_media_url":"https:\/\/i0.wp.com\/gazzettinoitalianopatagonico.com\/wp-content\/uploads\/2025\/03\/CGBN.png?fit=696%2C464&ssl=1","jetpack_likes_enabled":true,"jetpack_sharing_enabled":true,"_links":{"self":[{"href":"https:\/\/gazzettinoitalianopatagonico.com\/index.php?rest_route=\/wp\/v2\/posts\/1000013211","targetHints":{"allow":["GET"]}}],"collection":[{"href":"https:\/\/gazzettinoitalianopatagonico.com\/index.php?rest_route=\/wp\/v2\/posts"}],"about":[{"href":"https:\/\/gazzettinoitalianopatagonico.com\/index.php?rest_route=\/wp\/v2\/types\/post"}],"author":[{"embeddable":true,"href":"https:\/\/gazzettinoitalianopatagonico.com\/index.php?rest_route=\/wp\/v2\/users\/1"}],"replies":[{"embeddable":true,"href":"https:\/\/gazzettinoitalianopatagonico.com\/index.php?rest_route=%2Fwp%2Fv2%2Fcomments&post=1000013211"}],"version-history":[{"count":1,"href":"https:\/\/gazzettinoitalianopatagonico.com\/index.php?rest_route=\/wp\/v2\/posts\/1000013211\/revisions"}],"predecessor-version":[{"id":1000013213,"href":"https:\/\/gazzettinoitalianopatagonico.com\/index.php?rest_route=\/wp\/v2\/posts\/1000013211\/revisions\/1000013213"}],"wp:featuredmedia":[{"embeddable":true,"href":"https:\/\/gazzettinoitalianopatagonico.com\/index.php?rest_route=\/wp\/v2\/media\/1000013212"}],"wp:attachment":[{"href":"https:\/\/gazzettinoitalianopatagonico.com\/index.php?rest_route=%2Fwp%2Fv2%2Fmedia&parent=1000013211"}],"wp:term":[{"taxonomy":"category","embeddable":true,"href":"https:\/\/gazzettinoitalianopatagonico.com\/index.php?rest_route=%2Fwp%2Fv2%2Fcategories&post=1000013211"},{"taxonomy":"post_tag","embeddable":true,"href":"https:\/\/gazzettinoitalianopatagonico.com\/index.php?rest_route=%2Fwp%2Fv2%2Ftags&post=1000013211"}],"curies":[{"name":"wp","href":"https:\/\/api.w.org\/{rel}","templated":true}]}}