{"id":1000013208,"date":"2025-03-05T06:45:31","date_gmt":"2025-03-05T09:45:31","guid":{"rendered":"https:\/\/gazzettinoitalianopatagonico.com\/?p=1000013208"},"modified":"2025-03-05T06:45:33","modified_gmt":"2025-03-05T09:45:33","slug":"sovrappeso-427-milioni-di-bambini-nel-sud-europa-500mila","status":"publish","type":"post","link":"https:\/\/gazzettinoitalianopatagonico.com\/?p=1000013208","title":{"rendered":"Sovrappeso 427 milioni di bambini, nel sud Europa 500mila"},"content":{"rendered":"\n<p>Sono 37 milioni nel mondo, nel 2022, i bambini e le bambine di et\u00e0 inferiore ai 5 anni e oltre 390 milioni di bambini, bambine e adolescenti di et\u00e0 compresa tra i 5 e i 19 anni, in totale 427 milioni, che sono in sovrappeso. Di questi 500mila si contano nel sud Europa. Nel 2023, in Italia il 28,8% dei bambini e delle bambine fra gli 8 e i 9 anni era in sovrappeso o con obesit\u00e0: le regioni con il pi\u00f9 alto tasso di sovrappeso\/obesit\u00e0 sono nel sud Italia con Campania (43,2%), Molise (37,8%) e Calabria (37,8%) ai primi posti, mentre brillano le Provincie Autonome di Bolzano (15,3%) e di Trento (16,5%) e la Valle d&#8217;Aosta (19,5%). A livello europeo, l&#8217;Italia \u00e8 al quarto posto per i tassi di sovrappeso\/obesit\u00e0 negli under 19, con il 36% per le ragazze e il 43% per i ragazzi. La &#8216;maglia nera&#8217; va a Cipro, davanti alla Grecia. Questi dati sono contenuti ne &#8216;Il peso \u00e8 giusto?&#8217;, la nuova pubblicazione dell&#8217;Unicef, con il contributo dell&#8217;Istituto Superiore di Sanit\u00e0 (Iss), lanciata in occasione della Giornata mondiale dell&#8217;Obesit\u00e0 del 4 marzo. \u00abSovrappeso e obesit\u00e0 &#8211; ha dichiarato Carmela Pace, Presidente dell&#8217;Unicef Italia &#8211; rappresentano nuove e crescenti minacce per la salute dei bambini e delle bambine; malnutrizione non significa solo non avere da mangiare a sufficienza, ma anche mangiare in modo errato o malsano. Con la facile accessibilit\u00e0 di cibi poco sani e a basso costo, i bambini e le bambine &#8211; soprattutto quelli in condizioni di povert\u00e0 &#8211; non ricevono la dieta nutriente di cui hanno bisogno per una crescita sana\u00bb.<\/p>\n","protected":false},"excerpt":{"rendered":"<p>Sono 37 milioni nel mondo, nel 2022, i bambini e le bambine di et\u00e0 inferiore ai 5 anni e oltre 390 milioni di bambini, bambine e adolescenti di et\u00e0 compresa tra i 5 e i 19 anni, in totale 427 milioni, che sono in sovrappeso. Di questi 500mila si contano nel sud Europa. Nel 2023, [&hellip;]<\/p>\n","protected":false},"author":1,"featured_media":1000013209,"comment_status":"closed","ping_status":"closed","sticky":false,"template":"","format":"standard","meta":{"content-type":"","_jetpack_memberships_contains_paid_content":false,"jnews-multi-image_gallery":[],"jnews_single_post":{"format":"standard"},"jnews_primary_category":[],"footnotes":"","jetpack_publicize_message":"","jetpack_publicize_feature_enabled":true,"jetpack_social_post_already_shared":true,"jetpack_social_options":{"image_generator_settings":{"template":"highway","default_image_id":0,"font":"","enabled":false},"version":2}},"categories":[43],"tags":[],"class_list":{"0":"post-1000013208","1":"post","2":"type-post","3":"status-publish","4":"format-standard","5":"has-post-thumbnail","7":"category-salud"},"jetpack_publicize_connections":[],"jetpack_featured_media_url":"https:\/\/i0.wp.com\/gazzettinoitalianopatagonico.com\/wp-content\/uploads\/2025\/03\/cvbn.png?fit=696%2C463&ssl=1","jetpack_likes_enabled":true,"jetpack_sharing_enabled":true,"_links":{"self":[{"href":"https:\/\/gazzettinoitalianopatagonico.com\/index.php?rest_route=\/wp\/v2\/posts\/1000013208","targetHints":{"allow":["GET"]}}],"collection":[{"href":"https:\/\/gazzettinoitalianopatagonico.com\/index.php?rest_route=\/wp\/v2\/posts"}],"about":[{"href":"https:\/\/gazzettinoitalianopatagonico.com\/index.php?rest_route=\/wp\/v2\/types\/post"}],"author":[{"embeddable":true,"href":"https:\/\/gazzettinoitalianopatagonico.com\/index.php?rest_route=\/wp\/v2\/users\/1"}],"replies":[{"embeddable":true,"href":"https:\/\/gazzettinoitalianopatagonico.com\/index.php?rest_route=%2Fwp%2Fv2%2Fcomments&post=1000013208"}],"version-history":[{"count":1,"href":"https:\/\/gazzettinoitalianopatagonico.com\/index.php?rest_route=\/wp\/v2\/posts\/1000013208\/revisions"}],"predecessor-version":[{"id":1000013210,"href":"https:\/\/gazzettinoitalianopatagonico.com\/index.php?rest_route=\/wp\/v2\/posts\/1000013208\/revisions\/1000013210"}],"wp:featuredmedia":[{"embeddable":true,"href":"https:\/\/gazzettinoitalianopatagonico.com\/index.php?rest_route=\/wp\/v2\/media\/1000013209"}],"wp:attachment":[{"href":"https:\/\/gazzettinoitalianopatagonico.com\/index.php?rest_route=%2Fwp%2Fv2%2Fmedia&parent=1000013208"}],"wp:term":[{"taxonomy":"category","embeddable":true,"href":"https:\/\/gazzettinoitalianopatagonico.com\/index.php?rest_route=%2Fwp%2Fv2%2Fcategories&post=1000013208"},{"taxonomy":"post_tag","embeddable":true,"href":"https:\/\/gazzettinoitalianopatagonico.com\/index.php?rest_route=%2Fwp%2Fv2%2Ftags&post=1000013208"}],"curies":[{"name":"wp","href":"https:\/\/api.w.org\/{rel}","templated":true}]}}